{"id":547052,"date":"2025-11-20T14:59:13","date_gmt":"2025-11-20T14:59:13","guid":{"rendered":"https:\/\/www.europesays.com\/fr\/547052\/"},"modified":"2025-11-20T14:59:13","modified_gmt":"2025-11-20T14:59:13","slug":"le-gouvernement-lance-une-consultation-avec-parlementaires-et-collectivites","status":"publish","type":"post","link":"https:\/\/www.europesays.com\/fr\/547052\/","title":{"rendered":"le gouvernement lance une \u00ab\u00a0consultation\u00a0\u00bb avec parlementaires et\u00a0collectivit\u00e9s"},"content":{"rendered":"<p>                      <img loading=\"lazy\" decoding=\"async\" src=\"https:\/\/www.europesays.com\/fr\/wp-content\/uploads\/2025\/11\/1721a75_upload-1-ekw7yv1j6bxy-000-34u82eq.jpg\" alt=\"Une maison \u00e0 Montardit, en Ari\u00e8ge, le 31\u00a0mai 2024.\"   width=\"664\" height=\"443\"\/>    Une maison \u00e0 Montardit, en Ari\u00e8ge, le 31\u00a0mai 2024.  MATTHIEU RONDEL\/AFP                        <\/p>\n<p class=\"article__paragraph  \">Cette \u00ab\u00a0consultation flash\u00a0\u00bb aura pour but \u00ab\u00a0d\u2019examiner les \u00e9volutions n\u00e9cessaires\u00a0\u00bb de la taxe fonci\u00e8re \u00ab\u00a0pour la rendre plus transparente, plus claire et plus \u00e9quitable, dans une logique de simplification\u00a0\u00bb, ont d\u00e9clar\u00e9 jeudi 20\u00a0novembre \u00e0 la presse les minist\u00e8res de l\u2019action et des comptes publics et de l\u2019am\u00e9nagement du territoire et de la d\u00e9centralisation.<\/p>\n<p class=\"article__paragraph  \">Elle se veut \u00ab\u00a0transpartisane avec les parlementaires et les collectivit\u00e9s territoriales, en particulier les associations d\u2019\u00e9lus locaux\u00a0\u00bb, est-il ajout\u00e9, selon l\u2019Agence France-Presse (AFP).<\/p>\n<p class=\"article__paragraph  \">Pour le calcul des montants de la taxe fonci\u00e8re 2026, ce sont les \u00e9l\u00e9ments dits \u00ab\u00a0de confort\u00a0\u00bb, tels que la pr\u00e9sence d\u2019eau courante, d\u2019\u00e9lectricit\u00e9, de WC ou de lavabos dans le logement, qui doivent \u00eatre mis \u00e0 jour et inclus dans les \u00ab\u00a0bases fonci\u00e8res\u00a0\u00bb de Bercy.<\/p>\n<p class=\"article__paragraph  \">La pr\u00e9sence de chacun de ces \u00e9l\u00e9ments augmente artificiellement le nombre de m\u00e8tres carr\u00e9s pris en compte, et m\u00e9caniquement le montant de la taxe fonci\u00e8re. L\u2019actualisation de la base de calcul devrait faire augmenter le montant \u00e0 payer par les propri\u00e9taires de 7,4\u00a0millions de logements en\u00a02026.<\/p>\n<p>                  Une r\u00e9forme qui suscite de vives r\u00e9actions                  <\/p>\n<p class=\"article__paragraph  \">L\u2019annonce mardi soir, apr\u00e8s publication d\u2019un article du <a href=\"https:\/\/www.leparisien.fr\/economie\/impots\/bercy-va-augmenter-doffice-la-taxe-fonciere-pour-74-millions-de-logements-en-2026-18-11-2025-BNTEXGPX45HJPG52AJCMIN6KNY.php\" target=\"_blank\" rel=\"noopener\" title=\"Nouvelle fen\u00eatre\">Parisien<\/a>, de cette mesure technique a \u00e9t\u00e9 critiqu\u00e9e par des responsables politiques de gauche comme de droite. La porte-parole du gouvernement, Maud Bregeon, avait promis mercredi de faire \u00ab\u00a0un point d\u2019\u00e9tape\u00a0\u00bb dans \u00ab\u00a0quelques mois\u00a0\u00bb sur l\u2019augmentation de la taxe fonci\u00e8re, qui devrait, si elle est effective, profiter aux collectivit\u00e9s locales qui la per\u00e7oivent.<\/p>\n<p class=\"article__paragraph  \">Cette mise \u00e0 jour n\u2019a fait l\u2019objet d\u2019\u00ab\u00a0aucune demande de la part des collectivit\u00e9s\u00a0\u00bb, rel\u00e8ve aupr\u00e8s de l\u2019AFP Andr\u00e9 Laignel, premier vice-pr\u00e9sident d\u00e9l\u00e9gu\u00e9 de l\u2019Association des maires de France, qui estime que \u00ab\u00a0le moment ne para\u00eet pas forc\u00e9ment le plus propice \u00e0 \u00e9tudier au fond un sujet de cette nature\u00a0\u00bb.<\/p>\n<p class=\"article__paragraph  \">Quant \u00e0 la concertation qui arrive apr\u00e8s l\u2019annonce, elle a des allures de \u00ab\u00a0fausse man\u0153uvre\u00a0\u00bb, selon M.\u00a0Laignel, maire PS d\u2019Issoudun. L\u2019Union nationale des propri\u00e9taires immobiliers avait, elle, d\u00e9nonc\u00e9 dans cette hausse \u00ab\u00a0une d\u00e9marche arbitraire et honteuse\u00a0\u00bb, \u00ab\u00a0d\u00e9cid\u00e9e sans transparence ni concertation\u00a0\u00bb.<\/p>\n<p>                                     Lire aussi |  Article r\u00e9serv\u00e9 \u00e0 nos abonn\u00e9s  <a href=\"https:\/\/www.lemonde.fr\/politique\/article\/2025\/11\/20\/la-mise-a-jour-de-la-taxe-fonciere-contestee-jusque-chez-les-macronistes_6654127_823448.html\" class=\"js-article-read-also catcher--favoris__link\" data-premium=\"1\" id=\"article-title-3447395\" target=\"_blank\" rel=\"noopener\">La \u00ab\u00a0mise \u00e0 jour\u00a0\u00bb de la taxe fonci\u00e8re contest\u00e9e jusque chez les macronistes<\/a>    <\/p>\n<p>   Lire plus tard  <\/p>\n<p class=\"author__detail\">  Le Monde avec AFP  <\/p>\n<p>                <a href=\"https:\/\/www.lemonde.fr\/syndication\/\" class=\"reuse__content\" title=\"R\u00e9utiliser ce contenu\" target=\"_blank\" rel=\"noopener\">R\u00e9utiliser ce contenu<\/a>      <\/p>\n","protected":false},"excerpt":{"rendered":"Une maison \u00e0 Montardit, en Ari\u00e8ge, le 31\u00a0mai 2024. MATTHIEU RONDEL\/AFP Cette \u00ab\u00a0consultation flash\u00a0\u00bb aura pour but \u00ab\u00a0d\u2019examiner&hellip;\n","protected":false},"author":2,"featured_media":547053,"comment_status":"","ping_status":"","sticky":false,"template":"","format":"standard","meta":{"footnotes":""},"categories":[6],"tags":[35,33,34,1011,27],"class_list":{"0":"post-547052","1":"post","2":"type-post","3":"status-publish","4":"format-standard","5":"has-post-thumbnail","7":"category-economie","8":"tag-business","9":"tag-economie","10":"tag-economy","11":"tag-fr","12":"tag-france"},"share_on_mastodon":{"url":"https:\/\/pubeurope.com\/@fr\/115582624128623199","error":""},"_links":{"self":[{"href":"https:\/\/www.europesays.com\/fr\/wp-json\/wp\/v2\/posts\/547052","targetHints":{"allow":["GET"]}}],"collection":[{"href":"https:\/\/www.europesays.com\/fr\/wp-json\/wp\/v2\/posts"}],"about":[{"href":"https:\/\/www.europesays.com\/fr\/wp-json\/wp\/v2\/types\/post"}],"author":[{"embeddable":true,"href":"https:\/\/www.europesays.com\/fr\/wp-json\/wp\/v2\/users\/2"}],"replies":[{"embeddable":true,"href":"https:\/\/www.europesays.com\/fr\/wp-json\/wp\/v2\/comments?post=547052"}],"version-history":[{"count":0,"href":"https:\/\/www.europesays.com\/fr\/wp-json\/wp\/v2\/posts\/547052\/revisions"}],"wp:featuredmedia":[{"embeddable":true,"href":"https:\/\/www.europesays.com\/fr\/wp-json\/wp\/v2\/media\/547053"}],"wp:attachment":[{"href":"https:\/\/www.europesays.com\/fr\/wp-json\/wp\/v2\/media?parent=547052"}],"wp:term":[{"taxonomy":"category","embeddable":true,"href":"https:\/\/www.europesays.com\/fr\/wp-json\/wp\/v2\/categories?post=547052"},{"taxonomy":"post_tag","embeddable":true,"href":"https:\/\/www.europesays.com\/fr\/wp-json\/wp\/v2\/tags?post=547052"}],"curies":[{"name":"wp","href":"https:\/\/api.w.org\/{rel}","templated":true}]}}