{"id":547058,"date":"2025-11-20T15:04:14","date_gmt":"2025-11-20T15:04:14","guid":{"rendered":"https:\/\/www.europesays.com\/fr\/547058\/"},"modified":"2025-11-20T15:04:14","modified_gmt":"2025-11-20T15:04:14","slug":"saint-etienne-metropole-3eme-edition-du-mois-de-leconomie-sociale-et-solidaire","status":"publish","type":"post","link":"https:\/\/www.europesays.com\/fr\/547058\/","title":{"rendered":"Saint-Etienne M\u00e9tropole\u00a0: 3\u00e8me \u00e9dition du mois de l\u2019\u00e9conomie sociale et solidaire"},"content":{"rendered":"<p class=\"is-style-chapo\">Actuellement, elle repr\u00e9sente pr\u00e8s de 22 000 emplois sur le territoire m\u00e9tropolitain, soit 21 % de l\u2019emploi priv\u00e9. Ce mois-ci, Saint-Etienne M\u00e9tropole met l\u2019\u00e9conomie sociale et solidaire \u00e0 l\u2019honneur pour la troisi\u00e8me ann\u00e9e cons\u00e9cutive.<\/p>\n<p><img fetchpriority=\"high\" decoding=\"async\" width=\"1024\" height=\"576\" src=\"https:\/\/www.europesays.com\/fr\/wp-content\/uploads\/2025\/11\/pumpkins-373815_1280-1-1024x576.jpg\" alt=\"\" class=\"wp-image-81077\"  \/><\/p>\n<p>Avec 1 529 \u00e9tablissements employeurs et 21 705 emplois salari\u00e9s, <a href=\"https:\/\/www.if-saint-etienne.fr\/breves\/le-mois-de-leconomie-sociale-et-solidaire-ess-commence-demain\" target=\"_blank\" rel=\"noreferrer noopener\">l\u2019\u00e9conomie sociale et solidaire<\/a> (ESS) poursuit sa progression sur le territoire m\u00e9tropolitain. Entre d\u00e9cembre 2023 et septembre 2025, le nombre d\u2019\u00e9tablissements employeurs de ce secteur est en hausse de plus de trois points, ce qui place le territoire dans la moyenne haute parmi les zones de comparaison. En revanche, le nombre de salari\u00e9s, lui, affiche une l\u00e9g\u00e8re baisse, bien qu\u2019un peu plus faible qu\u2019ailleurs.<\/p>\n<p>\u00ab C\u2019est une sp\u00e9cificit\u00e9 de notre territoire, pointe Siham Labich, vice-pr\u00e9sidente de Saint-Etienne M\u00e9tropole, charg\u00e9e notamment de l\u2019\u00e9conomie sociale et solidaire. Nous sommes la deuxi\u00e8me m\u00e9tropole o\u00f9 le poids de l\u2019ESS est le plus important, derri\u00e8re Brest \u00bb. Pour la troisi\u00e8me ann\u00e9e cons\u00e9cutive, le territoire organise le mois de l\u2019\u00e9conomie sociale et solidaire, pour en valoriser les acteurs, mais pas que\u2026<\/p>\n<p>De l\u2019emploi non d\u00e9localisable<\/p>\n<p>L\u2019objectif est \u00e9galement de donner envie \u00e0 des entrepreneurs ou porteurs de projet engag\u00e9s, de s\u2019installer sur le territoire m\u00e9tropolitain. \u00ab\u00a0C\u2019est un entrepreneuriat qui cr\u00e9e de l\u2019emploi durable et non d\u00e9localisable, poursuit l\u2019\u00e9lue. Il permet non seulement de cr\u00e9er de l\u2019emploi, mais aussi de donner du sens au travail. Tous les secteurs y sont repr\u00e9sent\u00e9s, la sant\u00e9, l\u2019habitat, la culture, l\u2019\u00e9conomie circulaire, etc.\u00a0\u00bb. N\u00e9anmoins, les associations repr\u00e9sentent plus de 80 % de l\u2019ensemble des \u00e9tablissements employeurs de <a href=\"https:\/\/www.saint-etienne-metropole.fr\/etudier-entreprendre\/entreprises\/economie-sociale-et-solidaire\" target=\"_blank\" rel=\"noreferrer noopener\">l\u2019ESS<\/a> sur le territoire et sont de tr\u00e8s loin les structures les plus nombreuses. Les entreprises de l\u2019\u00e9conomie sociale et solidaire repr\u00e9sentent pr\u00e8s de 6 % de l\u2019ensemble des \u00e9tablissements du territoire, dans les m\u00eames proportions que les mutuelles et les coop\u00e9ratives, plus historiquement implant\u00e9es. <\/p>\n<p>En mati\u00e8re d\u2019emplois, les associations comptabilisent donc plus des trois-quarts des effectifs salari\u00e9s, mais les coop\u00e9ratives, les mutuelles et les fondations restent en moyenne de plus gros employeurs, avec, en cumul\u00e9 sur ces trois statuts, 11,4 % des \u00e9tablissements pour 23,8 % des emplois. L\u2019enjeu est donc d\u2019attirer davantage et de p\u00e9renniser ces structures.<\/p>\n<p>Favoriser l\u2019emploi<\/p>\n<p>L\u2019ISTP IRUP a cr\u00e9\u00e9 un cursus d\u00e9di\u00e9 \u00e0 l\u2019\u00e9conomie sociale et solidaire. C\u2019est pourquoi le site accueillera la soir\u00e9e de cl\u00f4ture de ce mois, le 25 novembre, sur la th\u00e9matique \u00ab\u00a0Industrie et ESS\u00a0: une alliance performante pour d\u00e9velopper les savoir-faire de notre territoire\u00a0\u00bb. L\u2019id\u00e9e est de pr\u00e9senter et de r\u00e9fl\u00e9chir aux synergies possibles entre industrie et ESS. Parmi les temps forts, le 20 novembre, le cin\u00e9ma Le M\u00e9li\u00e8s accueillera une conf\u00e9rence de Rob Hopkins, cr\u00e9ateur du mouvement des villes en transition. C\u2019est en toute logique que l\u2019on observe un nombre plus important d\u2019\u00e9tablissements de l\u2019ESS sur les communes de Saint-\u00c9tienne (12,9% \u2013 801 \u00e9tablissements) et de Saint-Chamond (8,7% \u2013 88 \u00e9tablissements). <\/p>\n<p>De mani\u00e8re g\u00e9n\u00e9rale, une majorit\u00e9 des \u00e9tablissements employeurs de l\u2019ESS du territoire est de petite taille : pr\u00e8s de 55 % des \u00e9tablissements ont ainsi moins de cinq salari\u00e9s et 65 % moins de neuf salari\u00e9s. A noter que quatre secteurs regroupent 80 % des emplois. Il s\u2019agit de la culture, de l\u2019action sociale, des services aux particuliers et de l\u2019enseignement\/ la formation. Au-del\u00e0 m\u00eame de la vocation sociale et solidaire, il est surtout question d\u2019emploi pour les \u00e9lus, comme le rappelle Nora Berroukeche, vice-pr\u00e9sidente en charge du d\u00e9veloppement \u00e9conomique. \u00ab\u00a0Aujourd\u2019hui, la vraie priorit\u00e9 est de maintenir l\u2019emploi sur nos territoires, quel que soit le secteur d\u2019activit\u00e9\u00a0\u00bb.<\/p>\n","protected":false},"excerpt":{"rendered":"Actuellement, elle repr\u00e9sente pr\u00e8s de 22 000 emplois sur le territoire m\u00e9tropolitain, soit 21 % de l\u2019emploi priv\u00e9.&hellip;\n","protected":false},"author":2,"featured_media":547059,"comment_status":"","ping_status":"","sticky":false,"template":"","format":"standard","meta":{"footnotes":""},"categories":[9653],"tags":[1111,11,2430,16350,35940,1777,674,1011,27,12,25,4001,10060,66503],"class_list":{"0":"post-547058","1":"post","2":"type-post","3":"status-publish","4":"format-standard","5":"has-post-thumbnail","7":"category-saint-etienne","8":"tag-actu","9":"tag-actualites","10":"tag-auvergne-rhone-alpes","11":"tag-constructif","12":"tag-ess-economie-sociale-et-solidaire","13":"tag-eu","14":"tag-europe","15":"tag-fr","16":"tag-france","17":"tag-news","18":"tag-republique-francaise","19":"tag-saint-etienne","20":"tag-saint-etienne-metropole","21":"tag-siham-labich"},"share_on_mastodon":{"url":"https:\/\/pubeurope.com\/@fr\/115582643408191048","error":""},"_links":{"self":[{"href":"https:\/\/www.europesays.com\/fr\/wp-json\/wp\/v2\/posts\/547058","targetHints":{"allow":["GET"]}}],"collection":[{"href":"https:\/\/www.europesays.com\/fr\/wp-json\/wp\/v2\/posts"}],"about":[{"href":"https:\/\/www.europesays.com\/fr\/wp-json\/wp\/v2\/types\/post"}],"author":[{"embeddable":true,"href":"https:\/\/www.europesays.com\/fr\/wp-json\/wp\/v2\/users\/2"}],"replies":[{"embeddable":true,"href":"https:\/\/www.europesays.com\/fr\/wp-json\/wp\/v2\/comments?post=547058"}],"version-history":[{"count":0,"href":"https:\/\/www.europesays.com\/fr\/wp-json\/wp\/v2\/posts\/547058\/revisions"}],"wp:featuredmedia":[{"embeddable":true,"href":"https:\/\/www.europesays.com\/fr\/wp-json\/wp\/v2\/media\/547059"}],"wp:attachment":[{"href":"https:\/\/www.europesays.com\/fr\/wp-json\/wp\/v2\/media?parent=547058"}],"wp:term":[{"taxonomy":"category","embeddable":true,"href":"https:\/\/www.europesays.com\/fr\/wp-json\/wp\/v2\/categories?post=547058"},{"taxonomy":"post_tag","embeddable":true,"href":"https:\/\/www.europesays.com\/fr\/wp-json\/wp\/v2\/tags?post=547058"}],"curies":[{"name":"wp","href":"https:\/\/api.w.org\/{rel}","templated":true}]}}