{"id":547072,"date":"2025-11-20T15:14:15","date_gmt":"2025-11-20T15:14:15","guid":{"rendered":"https:\/\/www.europesays.com\/fr\/547072\/"},"modified":"2025-11-20T15:14:15","modified_gmt":"2025-11-20T15:14:15","slug":"agee-de-99-ans-elle-patiente-64-heures-sur-un-brancard-aux-urgences-du-chu-de-rouen","status":"publish","type":"post","link":"https:\/\/www.europesays.com\/fr\/547072\/","title":{"rendered":"\u00c2g\u00e9e de 99 ans, elle patiente 64\u00a0heures sur un brancard aux urgences du CHU de Rouen"},"content":{"rendered":"<p class=\"fs-5 \">Ce s\u00e9jour aux urgences aura \u00e9t\u00e9 interminable pour cette nonag\u00e9naire.<\/p>\n<p class=\"fs-5 \">Claire,<strong> 99\u00a0ans <\/strong>s\u2019est rendue le mois dernier aux CHU de Rouen alors qu<strong>\u2019elle avait du mal \u00e0 respirer. <\/strong><\/p>\n<p class=\"fs-5 \">Transport\u00e9e par le SAMU, elle est<strong> arriv\u00e9e le vendredi soir aux alentours de 21h30\u00a0<\/strong>et est rest\u00e9e sur le brancard des urgences<strong> jusqu\u2019au lundi midi. <\/strong><\/p>\n<p class=\"fs-5 \">Victime d\u2019un<strong> \u0153d\u00e8me aigu du poumon,<\/strong> elle a finalement \u00e9t\u00e9 transf\u00e9r\u00e9e en d\u00e9but d\u2019apr\u00e8s-midi dans le service soins de suite et de r\u00e9adaptation, selon les informations donn\u00e9es par nos confr\u00e8res de<a href=\"https:\/\/www.francebleu.fr\/infos\/societe\/une-femme-agee-de-99-ans-attend-64-heures-sur-un-brancard-aux-urgences-du-chu-de-rouen-9931447\" target=\"_blank\" rel=\"nofollow noopener\"> France Bleu<\/a>.<\/p>\n<p class=\"fs-5 \">De retour chez elle apr\u00e8s une semaine d\u2019hospitalisation le fils et la petite-fille de Claire ont tenu \u00e0 raconter cette \u00e9pop\u00e9e pour cette dame \u00e0 presque 100\u00a0ans. C\u2019est dans une publication Facebook qu\u2019Aline la petite-fille a racont\u00e9 cette attente interminable. Son post a \u00e9t\u00e9 <strong>repartag\u00e9 1.000\u00a0fois. <\/strong><\/p>\n<p>                                                                                \u00ab\u00a0Les soignants subissent autant que le patient\u00a0\u00bb<\/p>\n<p class=\"fs-5 \">Infirmi\u00e8re de formation, elle s\u2019est relay\u00e9e tout au long de cette attente avec sa m\u00e8re pour lui apporter \u00e0 manger et la masser, car elle commen\u00e7ait \u00e0 avoir des rougeurs apr\u00e8s avoir pass\u00e9 des heures et des jours sans pouvoir bouger.<\/p>\n<p class=\"fs-5 \">\u00ab\u00a0Je n\u2019ai pas voulu m\u2019\u00e9nerver parce que je ne me serais pas \u00e9nerv\u00e9e sur les bonnes personnes. Les soignants n\u2019y sont pour rien, ils subissent autant que le patient subit. Il y a m\u00eame, je crois, une cadre qui est venue nous voir pour s\u2019excuser de la situation. Nous, on est autant d\u00e9sol\u00e9s qu\u2019eux. [&#8230;] Tout le monde a droit d\u2019\u00eatre soign\u00e9, dans de bonnes conditions, avec les moyens n\u00e9cessaires\u00a0\u00bb, explique Aline.<\/p>\n<p>                                                                                Une situation \u00ab\u00a0exceptionnellement tendue\u00a0\u00bb<\/p>\n<p class=\"fs-5 \">Face aux nombreux partages de cette exp\u00e9rience chaotique, le CHU de Rouen a \u00e0 son retour donn\u00e9 une r\u00e9ponse. Il juge cette histoire \u00ab\u00a0regrettable\u00a0\u00bb et soutient que la situation \u00e9tait \u00ab\u00a0exceptionnellement tendue aux urgences ce week-end l\u00e0\u00a0\u00bb. 250\u00a0passages ont \u00e9t\u00e9 enregistr\u00e9s en 24\u00a0heures contre les 200\u00a0habituels.<\/p>\n<p class=\"fs-5 \">De son c\u00f4t\u00e9, l\u2019UNSA demande \u00e0 l\u2019agence r\u00e9gionale de sant\u00e9 de Normandie plus de moyens\u00a0: plus de lits d\u2019hospitalisation et plus de personnels pour prendre en charge les patients.<\/p>\n","protected":false},"excerpt":{"rendered":"Ce s\u00e9jour aux urgences aura \u00e9t\u00e9 interminable pour cette nonag\u00e9naire. Claire, 99\u00a0ans s\u2019est rendue le mois dernier aux&hellip;\n","protected":false},"author":2,"featured_media":547073,"comment_status":"","ping_status":"","sticky":false,"template":"","format":"standard","meta":{"footnotes":""},"categories":[9587],"tags":[1111,11,1777,674,1011,27,12,5161,25,9590],"class_list":{"0":"post-547072","1":"post","2":"type-post","3":"status-publish","4":"format-standard","5":"has-post-thumbnail","7":"category-rouen","8":"tag-actu","9":"tag-actualites","10":"tag-eu","11":"tag-europe","12":"tag-fr","13":"tag-france","14":"tag-news","15":"tag-normandie","16":"tag-republique-francaise","17":"tag-rouen"},"share_on_mastodon":{"url":"","error":""},"_links":{"self":[{"href":"https:\/\/www.europesays.com\/fr\/wp-json\/wp\/v2\/posts\/547072","targetHints":{"allow":["GET"]}}],"collection":[{"href":"https:\/\/www.europesays.com\/fr\/wp-json\/wp\/v2\/posts"}],"about":[{"href":"https:\/\/www.europesays.com\/fr\/wp-json\/wp\/v2\/types\/post"}],"author":[{"embeddable":true,"href":"https:\/\/www.europesays.com\/fr\/wp-json\/wp\/v2\/users\/2"}],"replies":[{"embeddable":true,"href":"https:\/\/www.europesays.com\/fr\/wp-json\/wp\/v2\/comments?post=547072"}],"version-history":[{"count":0,"href":"https:\/\/www.europesays.com\/fr\/wp-json\/wp\/v2\/posts\/547072\/revisions"}],"wp:featuredmedia":[{"embeddable":true,"href":"https:\/\/www.europesays.com\/fr\/wp-json\/wp\/v2\/media\/547073"}],"wp:attachment":[{"href":"https:\/\/www.europesays.com\/fr\/wp-json\/wp\/v2\/media?parent=547072"}],"wp:term":[{"taxonomy":"category","embeddable":true,"href":"https:\/\/www.europesays.com\/fr\/wp-json\/wp\/v2\/categories?post=547072"},{"taxonomy":"post_tag","embeddable":true,"href":"https:\/\/www.europesays.com\/fr\/wp-json\/wp\/v2\/tags?post=547072"}],"curies":[{"name":"wp","href":"https:\/\/api.w.org\/{rel}","templated":true}]}}