{"id":547074,"date":"2025-11-20T15:15:40","date_gmt":"2025-11-20T15:15:40","guid":{"rendered":"https:\/\/www.europesays.com\/fr\/547074\/"},"modified":"2025-11-20T15:15:40","modified_gmt":"2025-11-20T15:15:40","slug":"en-images-la-neige-recouvre-ces-communes-de-lisere-et-ce-nest-pas-termine","status":"publish","type":"post","link":"https:\/\/www.europesays.com\/fr\/547074\/","title":{"rendered":"EN IMAGES. La neige recouvre ces communes de l&rsquo;Is\u00e8re et ce n&rsquo;est pas termin\u00e9"},"content":{"rendered":"<p>                    Par<br \/>\n        <strong><br \/>\n            <a href=\"https:\/\/actu.fr\/auteur\/julien-sournies\" title=\"Consulter tous les articles de Julien Sournies\" rel=\"nofollow noopener\" target=\"_blank\">Julien Sournies<\/a><br \/>\n                    <\/strong><\/p>\n<p>        Publi\u00e9 le<\/p>\n<p>            20 nov. 2025 \u00e0 10h40        <\/p>\n<p>L\u2019hiver a officiellement donn\u00e9 son coup d\u2019envoi en <a href=\"https:\/\/actu.fr\/auvergne-rhone-alpes\/isere_38\" rel=\"nofollow noopener\" target=\"_blank\">Is\u00e8re<\/a>. <a href=\"https:\/\/actu.fr\/auvergne-rhone-alpes\/grenoble_38185\/pres-de-grenoble-les-premieres-neiges-attendues-cette-nuit-en-plaine-les-previsions_63456198.html\" rel=\"nofollow noopener\" target=\"_blank\">Comme annonc\u00e9 cette semaine<\/a>, la neige est tomb\u00e9e en belle quantit\u00e9 sur les reliefs is\u00e9rois, mais \u00e9galement \u00e0 plus basse altitude, \u00e0 environ<strong> 400\/500\u00a0m d\u2019altitude<\/strong>, au cours de la nuit de ce jeudi 20\u00a0novembre 2025.<\/p>\n<p>Des flocons en Chartreuse, dans le Vercors ou dans le Voironnais<\/p>\n<p class=\" wall-content\">Sur les r\u00e9seaux sociaux, nombre d\u2019internautes ont partag\u00e9 des clich\u00e9s capt\u00e9s au petit matin. \u00c0 Saint-Geoire-en-Valdaine, aux portes de la Chartreuse, un joli manteau blanc a notamment recouvert les jardins des habitants.<\/p>\n<p>    <img   decoding=\"async\" loading=\"lazy\" src=\"https:\/\/www.europesays.com\/fr\/wp-content\/uploads\/2025\/11\/neige-saint-geoire-en-valdaine-960x576.jpg\" alt=\"Un l\u00e9ger manteau blanc a recouvert la commune Saint-Geoire-en-Valdaine.\" width=\"960\" height=\"576\"\/><br \/>\n    Un l\u00e9ger manteau blanc a recouvert la commune Saint-Geoire-en-Valdaine. (\u00a9Florence Sibu\u00e9-roux \/ Facebook)<\/p>\n<p class=\" wall-content\">Du c\u00f4t\u00e9 de Villard-de-Lans, les flocons sont par ailleurs tomb\u00e9s en masse, recouvrant le mobilier de jardin d\u2019une \u00e9paisse couche blanche, en t\u00e9moigne la photo ci-dessous.<\/p>\n<p>    <img   decoding=\"async\" loading=\"lazy\" src=\"https:\/\/static.actu.fr\/uploads\/2025\/11\/neige-villard-960x640.png\" alt=\"La neige est tomb\u00e9e en abondance sur Villard-de-Lans dans la nuit de mercredi \u00e0 jeudi.\" width=\"960\" height=\"640\"\/><br \/>\n    La neige est tomb\u00e9e en abondance sur Villard-de-Lans dans la nuit de mercredi \u00e0 jeudi. (\u00a9Fanny Duhem Joly \/ Facebook)<\/p>\n<p class=\" wall-content\">Dans le Vercors, comme ici \u00e0 M\u00e9audre, les habitants de cette petite commune aux 1\u2009300 \u00e2mes se sont r\u00e9veill\u00e9s avec une quantit\u00e9 de neige digne d\u2019un mois de janvier\/f\u00e9vrier.<\/p>\n<p><a class=\"jo-module-caroussel__img-container\" href=\"https:\/\/static.actu.fr\/uploads\/2025\/11\/meaudre-neige.jpg\" title=\"Agrandir la photo La neige est tomb\u00e9e en grande quantit\u00e9 cette nuit sur M\u00e9audre. (\u00a9 Patricia Palenzuela Kroockmann \/ Facebook)\" data-idx=\"1\" rel=\"nofollow noopener\" target=\"_blank\"><br \/>\n    <img decoding=\"async\" class=\"jo-module-caroussel__img\" loading=\"lazy\" src=\"https:\/\/www.europesays.com\/fr\/wp-content\/uploads\/2025\/11\/meaudre-neige-640x427.jpg\" alt=\"La neige est tomb\u00e9e en grande quantit\u00e9 cette nuit sur M\u00e9audre. (\u00a9 Patricia Palenzuela Kroockmann \/ Facebook)\" width=\"640\" height=\"427\"\/><\/a><a class=\"jo-module-caroussel__img-container\" href=\"https:\/\/static.actu.fr\/uploads\/2025\/11\/neige-a43.png\" title=\"Agrandir la photo La neige est tomb\u00e9e d\u00e8s 400\/500 m\u00e8tres, comme ici sur le rond-point avant l\u2019entr\u00e9e au p\u00e9age de l\u2019A43 \u00e0 Aiguebelette. (\u00a9 Skaping)\" data-idx=\"2\" rel=\"nofollow noopener\" target=\"_blank\"><br \/>\n    <img decoding=\"async\" class=\"jo-module-caroussel__img\" loading=\"lazy\" src=\"https:\/\/www.europesays.com\/fr\/wp-content\/uploads\/2025\/11\/neige-a43-640x427.png\" alt=\"La neige est tomb\u00e9e d\u00e8s 400\/500 m\u00e8tres, comme ici sur le rond-point avant l\u2019entr\u00e9e au p\u00e9age de l\u2019A43 \u00e0 Aiguebelette. (\u00a9 Skaping)\" width=\"640\" height=\"427\"\/><\/a><\/p>\n<p>Votre r\u00e9gion, votre actu !<\/p>\n<p>Recevez chaque jour les infos qui comptent pour vous.<\/p>\n<p>\t<a href=\"https:\/\/actu.fr\/newsletter\" class=\"ac-btn ac-btn--corner ac-btn--medium ac-btn--blue800\" rel=\"nofollow noopener\" target=\"_blank\">S&rsquo;incrire<\/a><br \/>\nD\u2019autres chutes de neige attendues<\/p>\n<p class=\" wall-content\">L\u2019\u00e9pisode neigeux n\u2019est, en tout cas, pas encore termin\u00e9 en montagne et \u00e0 basse altitude. Selon les derni\u00e8res pr\u00e9visions de M\u00e9t\u00e9o-France, de nouvelles chutes de neige sont en effet attendues sur les secteurs de <a href=\"https:\/\/actu.fr\/grenoble\/\" rel=\"nofollow noopener\" target=\"_blank\">Grenoble<\/a>, La C\u00f4te-Saint-Andr\u00e9 ou encore de la Tour-du-Pin au cours de cette journ\u00e9e de jeudi.<\/p>\n<p>    <img   decoding=\"async\" loading=\"lazy\" src=\"https:\/\/www.europesays.com\/fr\/wp-content\/uploads\/2025\/11\/neige-bj-novembre-960x640.jpg\" alt=\"Des chutes de neige ont \u00e9t\u00e9 observ\u00e9es dans le nord de l'Is\u00e8re \u00e0 la mi-journ\u00e9e jeudi, comme ici \u00e0 Bourgoin-Jallieu.\" width=\"960\" height=\"640\"\/><br \/>\n    Des chutes de neige ont \u00e9t\u00e9 observ\u00e9es dans le nord de l\u2019Is\u00e8re \u00e0 la mi-journ\u00e9e jeudi, comme ici \u00e0 Bourgoin-Jallieu. (\u00a9Jean-Michel Ermide \/ Jean-Michel Ermide)<\/p>\n<p class=\" wall-content\">Selon M\u00e9t\u00e9o Centre-Is\u00e8re, dans la nuit de jeudi \u00e0 vendredi et jusqu\u2019\u00e0 vendredi soir, \u00ab\u2009il pourrait tomber une dizaine de centim\u00e8tres suppl\u00e9mentaire sur la Valdaine et potentiellement la Vall\u00e9e du Guiers, et <strong>20 \u00e0 30\u00a0cm en Chartreuse<\/strong>, Vercors et Belledonne\u2009\u00bb.<\/p>\n<p class=\" wall-content\">\u00c0 noter par ailleurs que le d\u00e9partement is\u00e9rois est plac\u00e9 en<strong> vigilance jaune neige\/verglas et avalanches<\/strong> pour les journ\u00e9es de jeudi et vendredi.<\/p>\n<p class=\" wall-content\">Personnalisez votre actualit\u00e9 en ajoutant vos villes et m\u00e9dias en favori avec <a href=\"https:\/\/moncompte.actu.fr\" title=\"D\u00e9couvez Mon Actu\" rel=\"nofollow noopener\" data-trk=\"{&quot;cta&quot;:{&quot;action&quot;:&quot;https:\\\/\\\/moncompte.actu.fr&quot;,&quot;category&quot;:&quot;mon compte&quot;,&quot;from&quot;:&quot;article footer&quot;,&quot;name&quot;:&quot;Mon actu&quot;,&quot;type&quot;:&quot;cta&quot;}}\" target=\"_blank\">Mon Actu<\/a>.<\/p>\n","protected":false},"excerpt":{"rendered":"Par Julien Sournies Publi\u00e9 le 20 nov. 2025 \u00e0 10h40 L\u2019hiver a officiellement donn\u00e9 son coup d\u2019envoi en&hellip;\n","protected":false},"author":2,"featured_media":547075,"comment_status":"","ping_status":"","sticky":false,"template":"","format":"standard","meta":{"footnotes":""},"categories":[9566],"tags":[1111,11,2430,1777,674,1011,27,2731,2487,2357,10584,12,25],"class_list":{"0":"post-547074","1":"post","2":"type-post","3":"status-publish","4":"format-standard","5":"has-post-thumbnail","7":"category-grenoble","8":"tag-actu","9":"tag-actualites","10":"tag-auvergne-rhone-alpes","11":"tag-eu","12":"tag-europe","13":"tag-fr","14":"tag-france","15":"tag-grenoble","16":"tag-meteo","17":"tag-meteo-france","18":"tag-neige","19":"tag-news","20":"tag-republique-francaise"},"share_on_mastodon":{"url":"https:\/\/pubeurope.com\/@fr\/115582687350725227","error":""},"_links":{"self":[{"href":"https:\/\/www.europesays.com\/fr\/wp-json\/wp\/v2\/posts\/547074","targetHints":{"allow":["GET"]}}],"collection":[{"href":"https:\/\/www.europesays.com\/fr\/wp-json\/wp\/v2\/posts"}],"about":[{"href":"https:\/\/www.europesays.com\/fr\/wp-json\/wp\/v2\/types\/post"}],"author":[{"embeddable":true,"href":"https:\/\/www.europesays.com\/fr\/wp-json\/wp\/v2\/users\/2"}],"replies":[{"embeddable":true,"href":"https:\/\/www.europesays.com\/fr\/wp-json\/wp\/v2\/comments?post=547074"}],"version-history":[{"count":0,"href":"https:\/\/www.europesays.com\/fr\/wp-json\/wp\/v2\/posts\/547074\/revisions"}],"wp:featuredmedia":[{"embeddable":true,"href":"https:\/\/www.europesays.com\/fr\/wp-json\/wp\/v2\/media\/547075"}],"wp:attachment":[{"href":"https:\/\/www.europesays.com\/fr\/wp-json\/wp\/v2\/media?parent=547074"}],"wp:term":[{"taxonomy":"category","embeddable":true,"href":"https:\/\/www.europesays.com\/fr\/wp-json\/wp\/v2\/categories?post=547074"},{"taxonomy":"post_tag","embeddable":true,"href":"https:\/\/www.europesays.com\/fr\/wp-json\/wp\/v2\/tags?post=547074"}],"curies":[{"name":"wp","href":"https:\/\/api.w.org\/{rel}","templated":true}]}}