{"id":547080,"date":"2025-11-20T15:19:14","date_gmt":"2025-11-20T15:19:14","guid":{"rendered":"https:\/\/www.europesays.com\/fr\/547080\/"},"modified":"2025-11-20T15:19:14","modified_gmt":"2025-11-20T15:19:14","slug":"rennes-monaco-seko-fofana-et-alidu-seidu-incertains-apres-leur-retour-de-selection","status":"publish","type":"post","link":"https:\/\/www.europesays.com\/fr\/547080\/","title":{"rendered":"Rennes &#8211; Monaco\u00a0: Seko Fofana et Alidu Seidu incertains apr\u00e8s leur retour de s\u00e9lection"},"content":{"rendered":"<p>Ligue 1 (13e journ\u00e9e). Stade Rennais &#8211; Monaco (samedi, 19 h)<\/p>\n<p>Rentr\u00e9 de s\u00e9lection sans avoir jou\u00e9 avec la C\u00f4te d\u2019Ivoire, en raison d\u2019une petite alerte musculaire, Seko Fofana est incertain pour la venue de Monaco samedi. \u00ab On se donne encore 24 heures pour voir comment il va r\u00e9cup\u00e9rer de tout \u00e7a \u00bb, a not\u00e9 l\u2019entra\u00eeneur Habib Beye, ce jeudi.<\/p>\n<p>Le Ghan\u00e9en Alidu Seidu pourrait, lui, \u00eatre juste en termes de r\u00e9cup\u00e9ration, apr\u00e8s un long voyage (Japon et Cor\u00e9e du Sud) et un d\u00e9calage horaire de huit heures. Le d\u00e9fenseur s\u2019est content\u00e9 d\u2019un \u00ab petit footing \u00bb, ce jeudi matin.<\/p>\n<p>De son c\u00f4t\u00e9, Nordan Mukiele est, enfin, revenu \u00e0 l\u2019entra\u00eenement collectif et a \u00ab de bonnes sensations \u00bb, glisse encore Beye.<\/p>\n<p><strong class=\"tech\">L\u2019\u00e9quipe probable :<\/strong> Samba &#8211; A\u00eft-Boudlal, Jacquet, Brassier, Al Tamari &#8211; Ma. Camara, Rongier, Dj. Ciss\u00e9 &#8211; Embolo, Lepaul. Entra\u00eeneur : Habib Beye.<\/p>\n","protected":false},"excerpt":{"rendered":"Ligue 1 (13e journ\u00e9e). Stade Rennais &#8211; Monaco (samedi, 19 h) Rentr\u00e9 de s\u00e9lection sans avoir jou\u00e9 avec&hellip;\n","protected":false},"author":2,"featured_media":547081,"comment_status":"","ping_status":"","sticky":false,"template":"","format":"standard","meta":{"footnotes":""},"categories":[2821],"tags":[1111,11,829,3166,1777,674,63,1011,27,66,12,584,25,60,3087],"class_list":{"0":"post-547080","1":"post","2":"type-post","3":"status-publish","4":"format-standard","5":"has-post-thumbnail","7":"category-rennes","8":"tag-actu","9":"tag-actualites","10":"tag-bretagne","11":"tag-en-continu-sports","12":"tag-eu","13":"tag-europe","14":"tag-football","15":"tag-fr","16":"tag-france","17":"tag-ligue-1","18":"tag-news","19":"tag-rennes","20":"tag-republique-francaise","21":"tag-sports","22":"tag-stade-rennais"},"share_on_mastodon":{"url":"https:\/\/pubeurope.com\/@fr\/115582701672829349","error":""},"_links":{"self":[{"href":"https:\/\/www.europesays.com\/fr\/wp-json\/wp\/v2\/posts\/547080","targetHints":{"allow":["GET"]}}],"collection":[{"href":"https:\/\/www.europesays.com\/fr\/wp-json\/wp\/v2\/posts"}],"about":[{"href":"https:\/\/www.europesays.com\/fr\/wp-json\/wp\/v2\/types\/post"}],"author":[{"embeddable":true,"href":"https:\/\/www.europesays.com\/fr\/wp-json\/wp\/v2\/users\/2"}],"replies":[{"embeddable":true,"href":"https:\/\/www.europesays.com\/fr\/wp-json\/wp\/v2\/comments?post=547080"}],"version-history":[{"count":0,"href":"https:\/\/www.europesays.com\/fr\/wp-json\/wp\/v2\/posts\/547080\/revisions"}],"wp:featuredmedia":[{"embeddable":true,"href":"https:\/\/www.europesays.com\/fr\/wp-json\/wp\/v2\/media\/547081"}],"wp:attachment":[{"href":"https:\/\/www.europesays.com\/fr\/wp-json\/wp\/v2\/media?parent=547080"}],"wp:term":[{"taxonomy":"category","embeddable":true,"href":"https:\/\/www.europesays.com\/fr\/wp-json\/wp\/v2\/categories?post=547080"},{"taxonomy":"post_tag","embeddable":true,"href":"https:\/\/www.europesays.com\/fr\/wp-json\/wp\/v2\/tags?post=547080"}],"curies":[{"name":"wp","href":"https:\/\/api.w.org\/{rel}","templated":true}]}}