{"id":547082,"date":"2025-11-20T15:20:15","date_gmt":"2025-11-20T15:20:15","guid":{"rendered":"https:\/\/www.europesays.com\/fr\/547082\/"},"modified":"2025-11-20T15:20:15","modified_gmt":"2025-11-20T15:20:15","slug":"salon-des-maires-le-prix-mobilite-durable-pour-leurometropole-de-strasbourg","status":"publish","type":"post","link":"https:\/\/www.europesays.com\/fr\/547082\/","title":{"rendered":"Salon des maires. Le Prix \u00ab\u00a0Mobilit\u00e9 durable\u00a0\u00bb pour l\u2019Eurom\u00e9tropole de Strasbourg"},"content":{"rendered":"<p>\u00c0 l\u2019occasion du Salon des maires et des collectivit\u00e9s Locales, la F\u00e9d\u00e9ration nationale des travaux publics (FNTP) a annonc\u00e9 mardi 18\u00a0novembre les laur\u00e9ats des Victoires de l\u2019Investissement Local pour l\u2019ann\u00e9e 2025.<\/p>\n<p>Si le grand prix a \u00e9t\u00e9 remis \u00e0 la commune de Romans-sur-Is\u00e8re, l\u2019Eurom\u00e9tropole de Strasbourg a re\u00e7u le Prix \u00ab\u00a0Mobilit\u00e9 durable\u00a0\u00bb pour l\u2019am\u00e9nagement multimodal de la M 351.<\/p>\n<p>L\u2019\u00e9valuation socio-\u00e9conomique du projet montre un retour sur investissement collectif int\u00e9ressant\u00a0: 1\u00a0\u20ac investi g\u00e9n\u00e8re 2,17\u00a0\u20ac de valeur socio-\u00e9conomique.<\/p>\n<p>Depuis novembre\u00a02024, cinq kilom\u00e8tres suppl\u00e9mentaires de voies r\u00e9serv\u00e9es aux transports en commun sont venus compl\u00e9ter les deux voies de circulation de la M 351 dans les deux sens, facilitant l\u2019acc\u00e8s depuis et vers la capitale alsacienne. Sur cette m\u00eame section, un nouvel am\u00e9nagement unique en France a vu le jour\u00a0: une station d\u2019arr\u00eat situ\u00e9e sur la voie structurante M 351 con\u00e7ue pour accueillir des cars interurbains r\u00e9gionaux en connexion directe avec la ligne D du tramway.<\/p>\n","protected":false},"excerpt":{"rendered":"\u00c0 l\u2019occasion du Salon des maires et des collectivit\u00e9s Locales, la F\u00e9d\u00e9ration nationale des travaux publics (FNTP) a&hellip;\n","protected":false},"author":2,"featured_media":547083,"comment_status":"","ping_status":"","sticky":false,"template":"","format":"standard","meta":{"footnotes":""},"categories":[2820],"tags":[1111,11,2389,2649,2880,1777,674,107,1011,27,775,12,25,640,2879,2803],"class_list":{"0":"post-547082","1":"post","2":"type-post","3":"status-publish","4":"format-standard","5":"has-post-thumbnail","7":"category-strasbourg","8":"tag-actu","9":"tag-actualites","10":"tag-alsace","11":"tag-bas-rhin","12":"tag-edition-strasbourg","13":"tag-eu","14":"tag-europe","15":"tag-fil-info","16":"tag-fr","17":"tag-france","18":"tag-grand-est","19":"tag-news","20":"tag-republique-francaise","21":"tag-strasbourg","22":"tag-strasbourg-ville","23":"tag-transport"},"share_on_mastodon":{"url":"https:\/\/pubeurope.com\/@fr\/115582705674772580","error":""},"_links":{"self":[{"href":"https:\/\/www.europesays.com\/fr\/wp-json\/wp\/v2\/posts\/547082","targetHints":{"allow":["GET"]}}],"collection":[{"href":"https:\/\/www.europesays.com\/fr\/wp-json\/wp\/v2\/posts"}],"about":[{"href":"https:\/\/www.europesays.com\/fr\/wp-json\/wp\/v2\/types\/post"}],"author":[{"embeddable":true,"href":"https:\/\/www.europesays.com\/fr\/wp-json\/wp\/v2\/users\/2"}],"replies":[{"embeddable":true,"href":"https:\/\/www.europesays.com\/fr\/wp-json\/wp\/v2\/comments?post=547082"}],"version-history":[{"count":0,"href":"https:\/\/www.europesays.com\/fr\/wp-json\/wp\/v2\/posts\/547082\/revisions"}],"wp:featuredmedia":[{"embeddable":true,"href":"https:\/\/www.europesays.com\/fr\/wp-json\/wp\/v2\/media\/547083"}],"wp:attachment":[{"href":"https:\/\/www.europesays.com\/fr\/wp-json\/wp\/v2\/media?parent=547082"}],"wp:term":[{"taxonomy":"category","embeddable":true,"href":"https:\/\/www.europesays.com\/fr\/wp-json\/wp\/v2\/categories?post=547082"},{"taxonomy":"post_tag","embeddable":true,"href":"https:\/\/www.europesays.com\/fr\/wp-json\/wp\/v2\/tags?post=547082"}],"curies":[{"name":"wp","href":"https:\/\/api.w.org\/{rel}","templated":true}]}}