{"id":547084,"date":"2025-11-20T15:21:18","date_gmt":"2025-11-20T15:21:18","guid":{"rendered":"https:\/\/www.europesays.com\/fr\/547084\/"},"modified":"2025-11-20T15:21:18","modified_gmt":"2025-11-20T15:21:18","slug":"pourquoi-son-emplacement-est-vecu-comme-un-affront-par-certains","status":"publish","type":"post","link":"https:\/\/www.europesays.com\/fr\/547084\/","title":{"rendered":"pourquoi son emplacement est v\u00e9cu comme un affront par certains"},"content":{"rendered":"<p>                    Par<br \/>\n        <strong><br \/>\n            <a href=\"https:\/\/actu.fr\/auteur\/ivan-capecchi\" title=\"Consulter tous les articles de Ivan CAPECCHI\" target=\"_blank\" rel=\"noopener\">Ivan CAPECCHI<\/a><br \/>\n                    <\/strong><\/p>\n<p>        Publi\u00e9 le<\/p>\n<p>            20 nov. 2025 \u00e0 14h19        <\/p>\n<p><a href=\"https:\/\/actu.fr\/grand-est\/strasbourg_67482\/municipales-2026-jeanne-barseghian-maire-de-strasbourg-candidate-a-sa-reelection_62866356.html\" target=\"_blank\" rel=\"noopener\">Candidate \u00e0 sa r\u00e9\u00e9lection<\/a>, Jeanne Barseghian, l\u2019actuelle maire de Strasbourg, a fait le choix d\u2019installer son <strong>QG de campagne<\/strong> dans le <strong>quartier Gare<\/strong>. Une d\u00e9cision qui d\u00e9pla\u00eet \u00e0 certains de ses habitants. Voici pourquoi.<\/p>\n<p>Une installation jug\u00e9e opportuniste, \u00e0 quelques mois des municipales<\/p>\n<p class=\" wall-content\">Dans un communiqu\u00e9 diffus\u00e9 r\u00e9cemment, le Collectif des habitants du quartier Gare exprime un profond <strong>sentiment d\u2019abandon et de col\u00e8re<\/strong>. Il d\u00e9nonce cinq ann\u00e9es durant lesquelles la maire n\u2019aurait jamais r\u00e9pondu \u00e0 leurs appels face \u00e0 <a href=\"https:\/\/actu.fr\/grand-est\/strasbourg_67482\/strasbourg-insecurite-au-quartier-gare-la-situation-s-est-nettement-amelioree_62462281.html\" target=\"_blank\" rel=\"noopener\">l\u2019ins\u00e9curit\u00e9<\/a> et \u00e0 la <strong>d\u00e9gradation du cadre de vie<\/strong> dans le quartier Gare.<\/p>\n<p class=\" wall-content\">Voir <a href=\"https:\/\/actu.fr\/tag\/jeanne-barseghian\" target=\"_blank\" rel=\"noopener\">Jeanne Barseghian<\/a> y installer son local de campagne pour les derniers mois de son mandat est v\u00e9cu comme un <strong>geste opportuniste<\/strong>. Les habitants refusent ce qu\u2019ils per\u00e7oivent comme une <strong>instrumentalisation politique de leur quartier<\/strong>.<\/p>\n<p>Dialogue de sourds<\/p>\n<p class=\" wall-content\">Depuis plusieurs ann\u00e9es en effet, certains habitants du quartier Gare, mobilis\u00e9s sur les sujets d\u2019ins\u00e9curit\u00e9, r\u00e9clament <strong>un rendez-vous en direct avec la maire, ce qui ne leur a jamais \u00e9t\u00e9 accord\u00e9<\/strong>. De son c\u00f4t\u00e9, Mme Barseghian a toujours fait valoir une <strong>pratique plus horizontale du pouvoir<\/strong>. Elle revendique de d\u00e9l\u00e9guer et de faire \u00ab confiance \u00bb \u00e0 ses adjoints pour se \u00ab r\u00e9partir le travail \u00bb.<\/p>\n<p class=\" wall-content\">\u00ab\u00a0<strong>La maire rencontre r\u00e9guli\u00e8rement les habitants du quartier Gare<\/strong>, que ce soit \u00e0 l\u2019occasion des \u2018<strong>Caf\u00e9s avec la maire<\/strong>\u2018 [des moments de proximit\u00e9 lanc\u00e9s au d\u00e9but du mandat, NDLR], des <strong>diverses r\u00e9unions publiques<\/strong> ou des <strong>v\u0153ux<\/strong> qui, en 2024 par exemple, ont \u00e9t\u00e9 prononc\u00e9s \u00e0 <a href=\"https:\/\/actu.fr\/grand-est\/strasbourg_67482\/strasbourg-on-connait-la-date-de-reouverture-de-la-salle-de-concert-la-laiterie_62877015.html\" target=\"_blank\" rel=\"noopener\">La Laiterie<\/a>\u00ab\u00a0, souligne pour sa part Floriane Varieras, adjointe \u00e0 la maire de Strasbourg et porte-parole de sa campagne, qui dit ressentir une \u00ab\u00a0sorte de <strong>proc\u00e8s d\u2019intention<\/strong> de la part de ce collectif\u00a0\u00bb.<\/p>\n<p class=\" wall-content\">Au sujet des r\u00e9unions publiques, \u00ab\u00a0nous nous sommes impos\u00e9s \u00e0 l\u2019assembl\u00e9e de quartier Gare de mai 2024, puis \u00e0 celle d\u2019avril 2025 (Jeanne Barseghian \u00e9tait pr\u00e9sente, c\u2019est la premi\u00e8re fois que je l\u2019ai vue en vrai)\u00a0\u00bb, glisse un membre du collectif. \u00ab\u00a0En comparaison, nous avons eu au moins <strong>quatre r\u00e9unions avec la pr\u00e9f\u00e8te<\/strong> [\u00e0 l\u2019\u00e9poque <a href=\"https:\/\/actu.fr\/societe\/josiane-chevalier-prefete-du-bas-rhin-la-securite-du-quotidien-sera-une-priorite-majeure-pour-2023-2024_55456207.html\" target=\"_blank\" rel=\"noopener\">Josiane Chevalier<\/a>, NDLR] et ses services, et ce d\u00e8s 2022, au plus dur de la crise\u00a0\u00bb, compl\u00e8te-t-il.<\/p>\n<p>Votre r\u00e9gion, votre actu !<\/p>\n<p>Recevez chaque jour les infos qui comptent pour vous.<\/p>\n<p>\t<a href=\"https:\/\/actu.fr\/newsletter\" class=\"ac-btn ac-btn--corner ac-btn--medium ac-btn--blue800\" target=\"_blank\" rel=\"noopener\">S&rsquo;incrire<\/a><br \/>\n\u00ab\u00a0Le quartier Gare est un quartier qui nous parle\u00a0\u00bb<\/p>\n<p class=\" wall-content\">Quant au choix du quartier Gare comme QG de campagne, Mme Varieras rappelle qu\u2019il \u00e9tait d\u00e9j\u00e0 dans ce secteur en 2019-2020 et \u00ab\u00a0qu\u2019il faut pouvoir trouver un local avec un <strong>loyer abordable<\/strong>\u00ab\u00a0.<\/p>\n<p class=\" wall-content\">\u00ab\u00a0Ensuite, le quartier Gare est un quartier de mixit\u00e9 sociale, <strong>qui nous parle et nous ressemble<\/strong>\u00ab\u00a0, ajoute l\u2019\u00e9lue.\u00a0<\/p>\n<p class=\" wall-content\">Personnalisez votre actualit\u00e9 en ajoutant vos villes et m\u00e9dias en favori avec <a href=\"https:\/\/moncompte.actu.fr\" title=\"D\u00e9couvez Mon Actu\" rel=\"nofollow noopener\" data-trk=\"{&quot;cta&quot;:{&quot;action&quot;:&quot;https:\\\/\\\/moncompte.actu.fr&quot;,&quot;category&quot;:&quot;mon compte&quot;,&quot;from&quot;:&quot;article footer&quot;,&quot;name&quot;:&quot;Mon actu&quot;,&quot;type&quot;:&quot;cta&quot;}}\" target=\"_blank\">Mon Actu<\/a>.<\/p>\n","protected":false},"excerpt":{"rendered":"Par Ivan CAPECCHI Publi\u00e9 le 20 nov. 2025 \u00e0 14h19 Candidate \u00e0 sa r\u00e9\u00e9lection, Jeanne Barseghian, l\u2019actuelle maire&hellip;\n","protected":false},"author":2,"featured_media":547085,"comment_status":"","ping_status":"","sticky":false,"template":"","format":"standard","meta":{"footnotes":""},"categories":[2820],"tags":[1111,11,1777,674,1011,27,775,7125,12,25,104,640],"class_list":{"0":"post-547084","1":"post","2":"type-post","3":"status-publish","4":"format-standard","5":"has-post-thumbnail","7":"category-strasbourg","8":"tag-actu","9":"tag-actualites","10":"tag-eu","11":"tag-europe","12":"tag-fr","13":"tag-france","14":"tag-grand-est","15":"tag-jeanne-barseghian","16":"tag-news","17":"tag-republique-francaise","18":"tag-societe","19":"tag-strasbourg"},"share_on_mastodon":{"url":"https:\/\/pubeurope.com\/@fr\/115582709512169330","error":""},"_links":{"self":[{"href":"https:\/\/www.europesays.com\/fr\/wp-json\/wp\/v2\/posts\/547084","targetHints":{"allow":["GET"]}}],"collection":[{"href":"https:\/\/www.europesays.com\/fr\/wp-json\/wp\/v2\/posts"}],"about":[{"href":"https:\/\/www.europesays.com\/fr\/wp-json\/wp\/v2\/types\/post"}],"author":[{"embeddable":true,"href":"https:\/\/www.europesays.com\/fr\/wp-json\/wp\/v2\/users\/2"}],"replies":[{"embeddable":true,"href":"https:\/\/www.europesays.com\/fr\/wp-json\/wp\/v2\/comments?post=547084"}],"version-history":[{"count":0,"href":"https:\/\/www.europesays.com\/fr\/wp-json\/wp\/v2\/posts\/547084\/revisions"}],"wp:featuredmedia":[{"embeddable":true,"href":"https:\/\/www.europesays.com\/fr\/wp-json\/wp\/v2\/media\/547085"}],"wp:attachment":[{"href":"https:\/\/www.europesays.com\/fr\/wp-json\/wp\/v2\/media?parent=547084"}],"wp:term":[{"taxonomy":"category","embeddable":true,"href":"https:\/\/www.europesays.com\/fr\/wp-json\/wp\/v2\/categories?post=547084"},{"taxonomy":"post_tag","embeddable":true,"href":"https:\/\/www.europesays.com\/fr\/wp-json\/wp\/v2\/tags?post=547084"}],"curies":[{"name":"wp","href":"https:\/\/api.w.org\/{rel}","templated":true}]}}