{"id":547088,"date":"2025-11-20T15:23:12","date_gmt":"2025-11-20T15:23:12","guid":{"rendered":"https:\/\/www.europesays.com\/fr\/547088\/"},"modified":"2025-11-20T15:23:12","modified_gmt":"2025-11-20T15:23:12","slug":"hojbjerg-reste-aux-soins-a-la-veille-du-deplacement-a-nice","status":"publish","type":"post","link":"https:\/\/www.europesays.com\/fr\/547088\/","title":{"rendered":"Hojbjerg reste aux soins \u00e0 la veille du d\u00e9placement \u00e0 Nice"},"content":{"rendered":"<p>La tr\u00eave n&rsquo;est pas toujours synonyme de repos. Particuli\u00e8rement sur la plan\u00e8te foot, <a href=\"https:\/\/www.laprovence.com\/article\/om\/58066082676776\/om-murillo-aguerd-rulli-weah-les-olympiens-deja-qualifies-pour-la-coupe-du-monde-2026\" target=\"_blank\" rel=\"noopener\">o\u00f9 les internationaux encha\u00eenent inlassablement les rencontres<\/a>, pour d\u00e9fendre leur club et la nation. C&rsquo;est notamment le cas de Pierre-Emile Hojbjerg, irrempla\u00e7able dans le milieu marseillais aux yeux de Roberto De Zerbi, mais aussi avec le Danemark, o\u00f9 il a re\u00e7u ces derniers jours un gros coup sur la t\u00eate (la perte de la premi\u00e8re place directement qualificative pour le Mondial-2026), en encha\u00eenant (dans leur int\u00e9gralit\u00e9) deux rencontres.<\/p>\n<p>Soucieux de m\u00e9nager ses troupes, Roberto De Zerbi et son staff ont pr\u00e9f\u00e9r\u00e9 ne pas tirer sur la corde avec \u00ab\u00a0Pilou\u00a0\u00bb, le laissant ce vendredi au chaud dans le b\u00e2timent sportif, officiellement \u00ab\u00a0en r\u00e9cup\u00e9ration\u00a0\u00bb, \u00e0 la veille du d\u00e9placement \u00e0 Nice (20h45).<\/p>\n<p>Cinq absents majeurs<\/p>\n<p>Dans un froid polaire, balay\u00e9s par le Mistral et sous le regard du tandem Longoria-Benatia, ses camarades ont quand m\u00eame r\u00e9p\u00e9t\u00e9 leurs gammes. Sans surprise, plusieurs autres \u00e9l\u00e9ments, eux bless\u00e9s, ont manqu\u00e9 \u00e0 l&rsquo;appel. En plus des absents de longue date, Facundo Medina (cheville), Amine Gouiri (\u00e9paule) et Hamed Traor\u00e9 (cuisse), les derniers r\u00e9sidents de l&rsquo;infirmerie, Nayef Aguerd (pubalgie) et Amir Murillo (cuisse) <a href=\"https:\/\/www.laprovence.com\/article\/om\/8889184230636114\/om-le-club-fait-le-point-sur-les-blesses\" target=\"_blank\" rel=\"noopener\">se sont aussi fait porter p\u00e2le<\/a>.<\/p>\n<p>Pour le reste, tout le monde \u00e9tait sur le pont. Notamment les revenants Leonardo Balerdi, Bilal Nadir et Geoffrey Kondogbia.<\/p>\n","protected":false},"excerpt":{"rendered":"La tr\u00eave n&rsquo;est pas toujours synonyme de repos. Particuli\u00e8rement sur la plan\u00e8te foot, o\u00f9 les internationaux encha\u00eenent inlassablement&hellip;\n","protected":false},"author":2,"featured_media":547089,"comment_status":"","ping_status":"","sticky":false,"template":"","format":"standard","meta":{"footnotes":""},"categories":[2819],"tags":[17,1111,11,1007,11925,1777,674,1011,27,507,12,2401,149,882,25,3138,4984,6077],"class_list":{"0":"post-547088","1":"post","2":"type-post","3":"status-publish","4":"format-standard","5":"has-post-thumbnail","7":"category-nice","8":"tag-17","9":"tag-actu","10":"tag-actualites","11":"tag-aux","12":"tag-deplacement","13":"tag-eu","14":"tag-europe","15":"tag-fr","16":"tag-france","17":"tag-hojbjerg","18":"tag-news","19":"tag-nice","20":"tag-om","21":"tag-provence-alpes-cote-dazur","22":"tag-republique-francaise","23":"tag-reste","24":"tag-soins","25":"tag-veille"},"share_on_mastodon":{"url":"https:\/\/pubeurope.com\/@fr\/115582717492177917","error":""},"_links":{"self":[{"href":"https:\/\/www.europesays.com\/fr\/wp-json\/wp\/v2\/posts\/547088","targetHints":{"allow":["GET"]}}],"collection":[{"href":"https:\/\/www.europesays.com\/fr\/wp-json\/wp\/v2\/posts"}],"about":[{"href":"https:\/\/www.europesays.com\/fr\/wp-json\/wp\/v2\/types\/post"}],"author":[{"embeddable":true,"href":"https:\/\/www.europesays.com\/fr\/wp-json\/wp\/v2\/users\/2"}],"replies":[{"embeddable":true,"href":"https:\/\/www.europesays.com\/fr\/wp-json\/wp\/v2\/comments?post=547088"}],"version-history":[{"count":0,"href":"https:\/\/www.europesays.com\/fr\/wp-json\/wp\/v2\/posts\/547088\/revisions"}],"wp:featuredmedia":[{"embeddable":true,"href":"https:\/\/www.europesays.com\/fr\/wp-json\/wp\/v2\/media\/547089"}],"wp:attachment":[{"href":"https:\/\/www.europesays.com\/fr\/wp-json\/wp\/v2\/media?parent=547088"}],"wp:term":[{"taxonomy":"category","embeddable":true,"href":"https:\/\/www.europesays.com\/fr\/wp-json\/wp\/v2\/categories?post=547088"},{"taxonomy":"post_tag","embeddable":true,"href":"https:\/\/www.europesays.com\/fr\/wp-json\/wp\/v2\/tags?post=547088"}],"curies":[{"name":"wp","href":"https:\/\/api.w.org\/{rel}","templated":true}]}}