{"id":547100,"date":"2025-11-20T15:29:14","date_gmt":"2025-11-20T15:29:14","guid":{"rendered":"https:\/\/www.europesays.com\/fr\/547100\/"},"modified":"2025-11-20T15:29:14","modified_gmt":"2025-11-20T15:29:14","slug":"condamne-pour-des-violences-sur-des-detenus-un-surveillant-de-prison-peut-continuer-dexercer","status":"publish","type":"post","link":"https:\/\/www.europesays.com\/fr\/547100\/","title":{"rendered":"Condamn\u00e9 pour des violences sur des d\u00e9tenus, un surveillant de prison peut continuer d\u2019exercer"},"content":{"rendered":"<p>Ce jeudi, le tribunal correctionnel de <a href=\"https:\/\/www.20minutes.fr\/toulouse\/\" class=\"c-link c-link--is-underlined\" target=\"_blank\" rel=\"noopener\">Toulouse<\/a> a condamn\u00e9 \u00e0 deux ans de prison avec sursis un <a href=\"https:\/\/www.20minutes.fr\/justice\/4174260-20250920-yvelines-alcool-cannabis-surveillant-prison-condamne-corruption-trafic\" target=\"_blank\" class=\"c-link c-link--is-underlined\" rel=\"noopener\">surveillant p\u00e9nitentiaire<\/a> de la <a href=\"https:\/\/www.20minutes.fr\/faits_divers\/faits-divers-toulouse\/4182356-20251029-toulouse-medecin-67-ans-incarcere-violences-sexuelles-mineurs-suicide\" target=\"_blank\" class=\"c-link c-link--is-underlined\" rel=\"noopener\">prison de Seysses<\/a> pour des violences visant cinq d\u00e9tenus. Il pourra, en revanche, continuer \u00e0 exercer.<\/p>\n<p>A l\u2019audience, le 4\u00a0novembre, <a href=\"https:\/\/www.20minutes.fr\/societe\/4186282-20251118-eure-benevole-ecrit-regulierement-detenus-rompre-isolement\" target=\"_blank\" class=\"c-link c-link--is-underlined\" rel=\"noopener\">les d\u00e9tenus<\/a> avaient d\u00e9nonc\u00e9 des humiliations, coups de poing, injures. Pour sa d\u00e9fense, le gardien de prison a \u00e9voqu\u00e9 des conditions de travail difficiles, reconnaissant des propos d\u00e9plac\u00e9s mais r\u00e9futant toute violence. Le procureur avait requis trois ans de prison avec sursis et une interdiction d\u2019exercer comme surveillant p\u00e9nitentiaire.<\/p>\n<\/p>\n<p>\u00ab\u00a0Pour mes clients, cette peine est \u00e0 la hauteur de la gravit\u00e9 des violences commises contre les d\u00e9tenus, qui sont encore trop souvent impunies\u00a0\u00bb, a r\u00e9agi Sarah Nabet Claverie, avocate de deux des cinq victimes. La prison, a-t-elle ajout\u00e9, \u00ab\u00a0ne doit \u00eatre qu\u2019une privation de la libert\u00e9 d\u2019aller et venir, certainement pas un blanc-seing \u00e0 tous les mauvais traitements\u00a0\u00bb.<\/p>\n<p>\u00ab\u00a0Une maison d\u2019arr\u00eat comme Toulouse-Seysses qui souffre en silence de dysfonctionnements structurels\u00a0\u00bb<\/p>\n<p>Pour l\u2019avocat de la d\u00e9fense, Kamel Benamghar, \u00ab\u00a0entre le droit et la v\u00e9rit\u00e9, le tribunal a su appr\u00e9cier les tensions qui existent en d\u00e9tention dans une maison d\u2019arr\u00eat comme Toulouse-Seysses qui souffre en silence de dysfonctionnements structurels\u00a0\u00bb. Il salue un d\u00e9lib\u00e9r\u00e9 permettant \u00e0 son client de poursuivre sa carri\u00e8re.<\/p>\n<p>La prison de Toulouse-Seysses est point\u00e9e du doigt de fa\u00e7on r\u00e9currente pour des conditions de d\u00e9tention \u00ab\u00a0inhumaines\u00a0\u00bb et des \u00ab\u00a0dysfonctionnements graves\u00a0\u00bb, selon l\u2019Observatoire international des prisons (OIP).<\/p>\n","protected":false},"excerpt":{"rendered":"Ce jeudi, le tribunal correctionnel de Toulouse a condamn\u00e9 \u00e0 deux ans de prison avec sursis un surveillant&hellip;\n","protected":false},"author":2,"featured_media":547101,"comment_status":"","ping_status":"","sticky":false,"template":"","format":"standard","meta":{"footnotes":""},"categories":[2816],"tags":[1111,47,11,4073,17316,1777,674,1011,27,2722,303,2721,12,2680,41471,806,25,2312,809],"class_list":{"0":"post-547100","1":"post","2":"type-post","3":"status-publish","4":"format-standard","5":"has-post-thumbnail","7":"category-toulouse","8":"tag-actu","9":"tag-actualite","10":"tag-actualites","11":"tag-condamnation","12":"tag-detenus","13":"tag-eu","14":"tag-europe","15":"tag-fr","16":"tag-france","17":"tag-haute-garonne","18":"tag-justice","19":"tag-midi-pyrenees","20":"tag-news","21":"tag-occitanie","22":"tag-oip","23":"tag-prison","24":"tag-republique-francaise","25":"tag-toulouse","26":"tag-violence"},"share_on_mastodon":{"url":"https:\/\/pubeurope.com\/@fr\/115582741171947884","error":""},"_links":{"self":[{"href":"https:\/\/www.europesays.com\/fr\/wp-json\/wp\/v2\/posts\/547100","targetHints":{"allow":["GET"]}}],"collection":[{"href":"https:\/\/www.europesays.com\/fr\/wp-json\/wp\/v2\/posts"}],"about":[{"href":"https:\/\/www.europesays.com\/fr\/wp-json\/wp\/v2\/types\/post"}],"author":[{"embeddable":true,"href":"https:\/\/www.europesays.com\/fr\/wp-json\/wp\/v2\/users\/2"}],"replies":[{"embeddable":true,"href":"https:\/\/www.europesays.com\/fr\/wp-json\/wp\/v2\/comments?post=547100"}],"version-history":[{"count":0,"href":"https:\/\/www.europesays.com\/fr\/wp-json\/wp\/v2\/posts\/547100\/revisions"}],"wp:featuredmedia":[{"embeddable":true,"href":"https:\/\/www.europesays.com\/fr\/wp-json\/wp\/v2\/media\/547101"}],"wp:attachment":[{"href":"https:\/\/www.europesays.com\/fr\/wp-json\/wp\/v2\/media?parent=547100"}],"wp:term":[{"taxonomy":"category","embeddable":true,"href":"https:\/\/www.europesays.com\/fr\/wp-json\/wp\/v2\/categories?post=547100"},{"taxonomy":"post_tag","embeddable":true,"href":"https:\/\/www.europesays.com\/fr\/wp-json\/wp\/v2\/tags?post=547100"}],"curies":[{"name":"wp","href":"https:\/\/api.w.org\/{rel}","templated":true}]}}