{"id":547114,"date":"2025-11-20T15:38:24","date_gmt":"2025-11-20T15:38:24","guid":{"rendered":"https:\/\/www.europesays.com\/fr\/547114\/"},"modified":"2025-11-20T15:38:24","modified_gmt":"2025-11-20T15:38:24","slug":"sommet-choose-france-plus-de-8-milliards-deuros-dinvestissements-pour-lile-de-france","status":"publish","type":"post","link":"https:\/\/www.europesays.com\/fr\/547114\/","title":{"rendered":"Sommet Choose France : Plus de 8 milliards d\u2019euros d\u2019investissements pour l\u2019Ile-de-France"},"content":{"rendered":"<p>            <a href=\"https:\/\/www.europesays.com\/fr\/wp-content\/uploads\/2025\/11\/zz-1.jpg\" data-caption=\"Le futur campus de Th\u00e9s\u00e9e Datacenter \u00e0 Aubergenville dans les Yvelines. \u00a9 DR\/Illustration non contractuelle\"><img loading=\"lazy\" decoding=\"async\" width=\"1100\" height=\"595\" class=\"entry-thumb td-modal-image ewww_webp_lazy_load\" src=\"data:image\/svg+xml,%3Csvg%20xmlns=\" http:=\"\" alt=\"\" title=\"\" data-lazy-src=\"https:\/\/www.europesays.com\/fr\/wp-content\/uploads\/2025\/11\/zz-1.jpg\" data-lazy-src-webp=\"https:\/\/www.europesays.com\/fr\/wp-content\/uploads\/2025\/11\/zz-1.jpg.webp\"\/><\/a>Le futur campus de Th\u00e9s\u00e9e Datacenter \u00e0 Aubergenville dans les Yvelines. \u00a9 DR\/Illustration non contractuelle<\/p>\n<p>30,4 milliards d\u2019euros. C\u2019est le montant global des 151 investissements en France annonc\u00e9s ou confirm\u00e9s lundi \u00e0 l\u2019occasion de la derni\u00e8re \u00e9dition du sommet Choose France organis\u00e9 \u00e0 la Maison de la Chimie \u00e0 Paris (dont 30 nouveaux investissements repr\u00e9sentant pr\u00e8s de 10 milliards d\u2019euros). Une \u00e9dition consacr\u00e9e non pas aux investissements venus de l\u2019\u00e9tranger mais, cette fois, aux investissements que pr\u00e9voient de r\u00e9aliser 148 entreprises fran\u00e7aises dans divers domaines tels que l\u2019\u00e9nergie, l\u2019environnement et les industries vertes (22 projets), le num\u00e9rique (20), la sant\u00e9 (16) ou encore de l\u2019agroalimentaire (15). Et ce, pour cr\u00e9er des usines, r\u00e9aliser de la R&amp;D, acheter des produits ou services aupr\u00e8s de sous-traitants fran\u00e7ais\u2026 \u00a0Et l\u2019Ile-de-France est la grande gagnante de ces annonces puisqu\u2019elle cumule 8,29 milliards d\u2019euros d\u2019investissements, loin devant le Grand Est, seconde r\u00e9gion la mieux lotie avec 5,68 milliards d\u2019investissements. En Ile-de-France, 26 entreprises ont annonc\u00e9 des investissements \u00e0 venir ou d\u00e9j\u00e0 engag\u00e9s cette ann\u00e9e. La r\u00e9gion arrive ainsi seconde en nombre de projets, derri\u00e8re la r\u00e9gion Auvergne-Rh\u00f4ne-Alpes (27 projets).<\/p>\n<p>Des projets comme la cr\u00e9ation d\u2019un centre de donn\u00e9es sur le site de l\u2019ancienne centrale thermique de Montereau-Vall\u00e9e-de-la-Seine en Seine-et-Marne, annonc\u00e9 par EDF et la coentreprise OpCore (r\u00e9unissant le Groupe iliad et des fonds g\u00e9r\u00e9s par InfraVia Capital Partners). \u00ab Avec une capacit\u00e9 de plusieurs centaines de m\u00e9gawatts, le site accueillera l\u2019un des centres de calcul les plus importants d\u2019Europe \u00bb, explique OpCore qui va investir environ 4 milliards d\u2019euros dans la cr\u00e9ation de ce data center dont la mise en service est attendue en 2027. Un projet \u00ab qui permettra de cr\u00e9er plusieurs centaines d\u2019emplois locaux \u00bb (directs et indirects). L\u2019entreprise Th\u00e9s\u00e9e Datacenter a, elle, annonc\u00e9 le lancement de la premi\u00e8re \u00e9tape de son campus de data centers de 50 MW \u00e0 Aubergenville dans les Yvelines. Un investissement de 60 millions d\u2019euros. Ce nouveau campus renforcera sa pr\u00e9sence \u00e0 Aubergenville o\u00f9 un premier centre de donn\u00e9es (d\u2019une puissance de 3 MW) est op\u00e9rationnel depuis 2021.<\/p>\n<p>Dans un tout autre domaine le groupe Mayoly, \u00e9galement pr\u00e9sent au sommet, vient d\u2019inaugurer deux nouvelles lignes de production de Meteospasmyl (m\u00e9dicament de gastroent\u00e9rologie, distribu\u00e9 dans plus de 50 pays) \u00e0 Dammarie-les-Lys en Seine-et-Marne. Un investissement de 15 millions d\u2019euros qui permet de doubler les capacit\u00e9s de production \u00e0 plus de 25 millions de bo\u00eetes par an, et des lignes de nouvelle g\u00e9n\u00e9ration qui s\u2019accompagneront de la cr\u00e9ation de 40 emplois qualifi\u00e9s d\u2019ici fin 2026. \u00ab Pour Mayoly, produire en France, c\u2019est d\u2019abord un choix de c\u0153ur, responsable fait par conviction mais courageux, au vu de l\u2019\u00e9quation \u00e9conomique du m\u00e9dicament et de la comp\u00e9tition internationale f\u00e9roce. Mais c\u2019est un enjeu majeur pour les patients et pour la souverainet\u00e9 sanitaire \u00bb, d\u00e9fend Nicolas Giraud, le directeur g\u00e9n\u00e9ral du groupe pharmaceutique fran\u00e7ais.<\/p>\n<p>\n            [auto_promo_mpl_cutom url=\u00a0\u00bbhttps:\/\/mapresselocale.fr\/titres\/l-echo-d-ile-de-france\u00a0\u00bb]        <\/p>\n","protected":false},"excerpt":{"rendered":"Le futur campus de Th\u00e9s\u00e9e Datacenter \u00e0 Aubergenville dans les Yvelines. \u00a9 DR\/Illustration non contractuelle 30,4 milliards d\u2019euros.&hellip;\n","protected":false},"author":2,"featured_media":547115,"comment_status":"","ping_status":"","sticky":false,"template":"","format":"standard","meta":{"footnotes":""},"categories":[1592],"tags":[1111,11,24354,313,1777,674,1011,27,662,2554,66504,12,626,25,1937,24358,2542,1938],"class_list":{"0":"post-547114","1":"post","2":"type-post","3":"status-publish","4":"format-standard","5":"has-post-thumbnail","7":"category-ile-de-france","8":"tag-actu","9":"tag-actualites","10":"tag-data-centers","11":"tag-entreprises","12":"tag-eu","13":"tag-europe","14":"tag-fr","15":"tag-france","16":"tag-ile-de-france","17":"tag-investissements","18":"tag-mu00e9dicament","19":"tag-news","20":"tag-paris","21":"tag-republique-francaise","22":"tag-seine-et-marne","23":"tag-sommet-u00ab-choose-france-u00bb","24":"tag-u00e9conomie","25":"tag-yvelines"},"share_on_mastodon":{"url":"https:\/\/pubeurope.com\/@fr\/115582776470697669","error":""},"_links":{"self":[{"href":"https:\/\/www.europesays.com\/fr\/wp-json\/wp\/v2\/posts\/547114","targetHints":{"allow":["GET"]}}],"collection":[{"href":"https:\/\/www.europesays.com\/fr\/wp-json\/wp\/v2\/posts"}],"about":[{"href":"https:\/\/www.europesays.com\/fr\/wp-json\/wp\/v2\/types\/post"}],"author":[{"embeddable":true,"href":"https:\/\/www.europesays.com\/fr\/wp-json\/wp\/v2\/users\/2"}],"replies":[{"embeddable":true,"href":"https:\/\/www.europesays.com\/fr\/wp-json\/wp\/v2\/comments?post=547114"}],"version-history":[{"count":0,"href":"https:\/\/www.europesays.com\/fr\/wp-json\/wp\/v2\/posts\/547114\/revisions"}],"wp:featuredmedia":[{"embeddable":true,"href":"https:\/\/www.europesays.com\/fr\/wp-json\/wp\/v2\/media\/547115"}],"wp:attachment":[{"href":"https:\/\/www.europesays.com\/fr\/wp-json\/wp\/v2\/media?parent=547114"}],"wp:term":[{"taxonomy":"category","embeddable":true,"href":"https:\/\/www.europesays.com\/fr\/wp-json\/wp\/v2\/categories?post=547114"},{"taxonomy":"post_tag","embeddable":true,"href":"https:\/\/www.europesays.com\/fr\/wp-json\/wp\/v2\/tags?post=547114"}],"curies":[{"name":"wp","href":"https:\/\/api.w.org\/{rel}","templated":true}]}}