{"id":547116,"date":"2025-11-20T15:39:11","date_gmt":"2025-11-20T15:39:11","guid":{"rendered":"https:\/\/www.europesays.com\/fr\/547116\/"},"modified":"2025-11-20T15:39:11","modified_gmt":"2025-11-20T15:39:11","slug":"a-paris-la-droite-bloque-une-subvention-de-500-000-euros-destinee-aux-librairies-independantes","status":"publish","type":"post","link":"https:\/\/www.europesays.com\/fr\/547116\/","title":{"rendered":"\u00c0 Paris, la droite bloque une subvention de 500 000 euros destin\u00e9e aux librairies ind\u00e9pendantes"},"content":{"rendered":"<p>                    Par<br \/>\n        <strong><br \/>\n            <a href=\"https:\/\/actu.fr\/auteur\/thomas-rideau\" title=\"Consulter tous les articles de Thomas Rideau\" target=\"_blank\" rel=\"noopener\">Thomas Rideau<\/a><br \/>\n                    <\/strong><\/p>\n<p>        Publi\u00e9 le<\/p>\n<p>            20 nov. 2025 \u00e0 16h13        <\/p>\n<p>Ce jeudi 20\u00a0novembre 2025, les libraires de <a href=\"https:\/\/actu.fr\/ile-de-france\/paris_75056\" target=\"_blank\" rel=\"noopener\">Paris<\/a> ont vu une subvention presque un demi-million d\u2019euros leur \u00e9chapper,<strong> lors du conseil de la Ville<\/strong>. L\u2019ex\u00e9cutif avait inscrit \u00e0 l\u2019ordre du jour une d\u00e9lib\u00e9ration pour venir en aide \u00e0 <strong>quarante librairies ind\u00e9pendantes<\/strong> (sur les 400 que compte la capitale). Mais les \u00e9lus de droite du groupe de la ministre de la Culture, Rachida Dati, ont vot\u00e9 contre cette subvention.<\/p>\n<p class=\" wall-content\">\u00ab\u2009<a href=\"https:\/\/actu.fr\/tag\/commerce\" target=\"_blank\" rel=\"noopener\">Les librairies<\/a> subissent de<strong> plein fouet<\/strong> le prix de l\u2019immobilier et le commerce en ligne\u2009\u00bb, note Rapha\u00eblle Primet (Paris en commun). Et de mettre en avant \u00ab<strong>\u2009des attaques dont les librairies<\/strong> sont victimes, comme La Petite \u00c9gypte dans le 2\u1d49 arrondissement qui a \u00e9t\u00e9 vandalis\u00e9e\u2009\u00bb, avant la tenue d\u2019une conf\u00e9rence sur la Palestine. \u00ab\u2009Notre soutien doit \u00eatre ferme\u2009\u00bb, rajoute l\u2019\u00e9lue du 20\u1d49 arrondissement.<\/p>\n<p class=\" wall-content\">Mais, pour la droite, cette subvention est \u00ab\u2009du saupoudrage d\u2019argent public sur quarante librairies\u2009\u00bb. \u00ab\u2009<strong>Comme si une vitrine raval\u00e9e<\/strong> pouvait changer la qualit\u00e9 d\u2019un libraire\u2009\u00bb, tance <strong>Aur\u00e9lien V\u00e9ron<\/strong> (Changer Paris). \u00ab\u2009Vous habillez la d\u00e9b\u00e2cle de votre politique culturelle d\u2019un vernis technique.\u2009\u00bb<\/p>\n<p class=\" wall-content\">Les conseillers de droite ont surtout sursaut\u00e9 en d\u00e9couvrant que parmi les librairies qui pouvaient \u00eatre subventionn\u00e9es se trouvait <a href=\"https:\/\/actu.fr\/ile-de-france\/paris_75056\/on-ne-se-laissera-pas-faire-a-paris-la-librairie-violette-amp-co-attaquee-pour-des-livres-sur-la-palestine_63026308.html\" target=\"_blank\" rel=\"noopener\">Violette and Co<\/a>, une librairie f\u00e9ministe qui compte dans ses rayons le livre de coloriage\u00a0From the River to the Sea, consid\u00e9r\u00e9 comme un ouvrage antis\u00e9mite par l\u2019opposition. \u00ab\u2009<strong>L\u2019antis\u00e9mitisme<\/strong>, ce n\u2019est pas \u00e0 la mairie de Paris de le subventionner\u2009\u00bb, s\u2019insurge l\u2019\u00e9lu de droite. De son c\u00f4t\u00e9, le groupe de Pierre-Yves Bournazel (Ensemble pour Paris) a indiqu\u00e9 que si Violette and Co n\u2019\u00e9tait pas dans la liste, il aurait vot\u00e9 pour.<\/p>\n<p class=\" wall-content\">\u00ab\u2009Vous choisissez<strong> le camp de ceux qui taguent les librairies\u2009<\/strong>\u00bb, s\u2019emporte de son c\u00f4t\u00e9 l\u2019adjoint au commerce, Nicolas Bonnet-Oulaldj. \u00ab\u2009Cette subvention visait \u00e0 aider ces commerces de proximit\u00e9, auxquels les Parisiennes et les Parisiens sont attach\u00e9s. Nous continuerons de d\u00e9fendre cette politique publique\u2009\u00bb, a r\u00e9agi, apr\u00e8s l\u2019\u00e9chec du vote, l\u2019\u00e9lu de gauche. Cette subvention aurait pu permettre \u00e0 chacune de ces librairies de toucher une somme d\u2019environ 12 000 euros.<\/p>\n<p class=\" wall-content\">Personnalisez votre actualit\u00e9 en ajoutant vos villes et m\u00e9dias en favori avec <a href=\"https:\/\/moncompte.actu.fr\" title=\"D\u00e9couvez Mon Actu\" rel=\"nofollow noopener\" data-trk=\"{&quot;cta&quot;:{&quot;action&quot;:&quot;https:\\\/\\\/moncompte.actu.fr&quot;,&quot;category&quot;:&quot;mon compte&quot;,&quot;from&quot;:&quot;article footer&quot;,&quot;name&quot;:&quot;Mon actu&quot;,&quot;type&quot;:&quot;cta&quot;}}\" target=\"_blank\">Mon Actu<\/a>.<\/p>\n","protected":false},"excerpt":{"rendered":"Par Thomas Rideau Publi\u00e9 le 20 nov. 2025 \u00e0 16h13 Ce jeudi 20\u00a0novembre 2025, les libraires de Paris&hellip;\n","protected":false},"author":2,"featured_media":547117,"comment_status":"","ping_status":"","sticky":false,"template":"","format":"standard","meta":{"footnotes":""},"categories":[1888],"tags":[1111,1928,11,1927,215,1777,674,1011,27,1380,12,1926,626,1925,316,417,25],"class_list":{"0":"post-547116","1":"post","2":"type-post","3":"status-publish","4":"format-standard","5":"has-post-thumbnail","7":"category-paris","8":"tag-actu","9":"tag-actu-paris","10":"tag-actualites","11":"tag-actualites-paris","12":"tag-commerce","13":"tag-eu","14":"tag-europe","15":"tag-fr","16":"tag-france","17":"tag-livres","18":"tag-news","19":"tag-news-paris","20":"tag-paris","21":"tag-paris-news","22":"tag-politique","23":"tag-rachida-dati","24":"tag-republique-francaise"},"share_on_mastodon":{"url":"https:\/\/pubeurope.com\/@fr\/115582780298170072","error":""},"_links":{"self":[{"href":"https:\/\/www.europesays.com\/fr\/wp-json\/wp\/v2\/posts\/547116","targetHints":{"allow":["GET"]}}],"collection":[{"href":"https:\/\/www.europesays.com\/fr\/wp-json\/wp\/v2\/posts"}],"about":[{"href":"https:\/\/www.europesays.com\/fr\/wp-json\/wp\/v2\/types\/post"}],"author":[{"embeddable":true,"href":"https:\/\/www.europesays.com\/fr\/wp-json\/wp\/v2\/users\/2"}],"replies":[{"embeddable":true,"href":"https:\/\/www.europesays.com\/fr\/wp-json\/wp\/v2\/comments?post=547116"}],"version-history":[{"count":0,"href":"https:\/\/www.europesays.com\/fr\/wp-json\/wp\/v2\/posts\/547116\/revisions"}],"wp:featuredmedia":[{"embeddable":true,"href":"https:\/\/www.europesays.com\/fr\/wp-json\/wp\/v2\/media\/547117"}],"wp:attachment":[{"href":"https:\/\/www.europesays.com\/fr\/wp-json\/wp\/v2\/media?parent=547116"}],"wp:term":[{"taxonomy":"category","embeddable":true,"href":"https:\/\/www.europesays.com\/fr\/wp-json\/wp\/v2\/categories?post=547116"},{"taxonomy":"post_tag","embeddable":true,"href":"https:\/\/www.europesays.com\/fr\/wp-json\/wp\/v2\/tags?post=547116"}],"curies":[{"name":"wp","href":"https:\/\/api.w.org\/{rel}","templated":true}]}}