{"id":54712,"date":"2025-04-26T15:40:14","date_gmt":"2025-04-26T15:40:14","guid":{"rendered":"https:\/\/www.europesays.com\/fr\/54712\/"},"modified":"2025-04-26T15:40:14","modified_gmt":"2025-04-26T15:40:14","slug":"une-experience-exceptionnelle-pour-les-futurs-hauts-fonctionnaires","status":"publish","type":"post","link":"https:\/\/www.europesays.com\/fr\/54712\/","title":{"rendered":"\u00ab\u00a0Une exp\u00e9rience exceptionnelle\u00a0\u00bb pour les futurs hauts fonctionnaires"},"content":{"rendered":"<p>Op\u00e9ration termin\u00e9e. D\u00e9sormais, une immersion dans l\u2019Arm\u00e9e est int\u00e9gr\u00e9e au cursus des \u00e9tudiants de l\u2019Institut national du service public (INSP) de Strasbourg et, pour la promotion 2025-2027, ce cycle de trois semaines s\u2019est achev\u00e9, ce jeudi 24\u00a0avril. Avant la c\u00e9r\u00e9monie de cl\u00f4ture, organis\u00e9e au Fort Ganteaume, \u00e0 Marseille, ces futurs hauts fonctionnaires avaient encha\u00een\u00e9 <a href=\"https:\/\/www.laprovence.com\/article\/economie\/44964820588170\/a-canjuers-l-armee-de-terre-en-premiere-ligne-des-nouvelles-technologies\" target=\"_blank\" rel=\"nofollow noopener\">des exercices en conditions r\u00e9elles et autres visites d\u2019\u00e9quipements<\/a> ou de sites militaires. Un vrai tour d\u2019horizon localis\u00e9 en Provence-Alpes-C\u00f4te d&rsquo;Azur, un secteur g\u00e9ographique o\u00f9 se concentrent <a href=\"https:\/\/www.laprovence.com\/article\/region\/2926788484008114\/servir-la-france-le-cri-du-coeur-de-ces-futurs-officiers-de-larmee-de-terre-recrutes-a-marseille\" target=\"_blank\" rel=\"nofollow noopener\">des unit\u00e9s repr\u00e9sentatives des diff\u00e9rents corps d\u2019arm\u00e9e<\/a> et des forces de s\u00e9curit\u00e9 (Terre, Marine, Air et Espace, Gendarmerie, marins-pompiers).<\/p>\n","protected":false},"excerpt":{"rendered":"Op\u00e9ration termin\u00e9e. D\u00e9sormais, une immersion dans l\u2019Arm\u00e9e est int\u00e9gr\u00e9e au cursus des \u00e9tudiants de l\u2019Institut national du service&hellip;\n","protected":false},"author":2,"featured_media":54713,"comment_status":"","ping_status":"","sticky":false,"template":"","format":"standard","meta":{"footnotes":""},"categories":[2814],"tags":[17,1111,11,1446,1777,674,14925,6383,1011,27,14924,9757,884,12,471,882,16,25,96],"class_list":{"0":"post-54712","1":"post","2":"type-post","3":"status-publish","4":"format-standard","5":"has-post-thumbnail","7":"category-marseille","8":"tag-17","9":"tag-actu","10":"tag-actualites","11":"tag-dans","12":"tag-eu","13":"tag-europe","14":"tag-exceptionnelle","15":"tag-experience","16":"tag-fr","17":"tag-france","18":"tag-immersion","19":"tag-larmee","20":"tag-marseille","21":"tag-news","22":"tag-pour","23":"tag-provence-alpes-cote-dazur","24":"tag-region","25":"tag-republique-francaise","26":"tag-une"},"share_on_mastodon":{"url":"https:\/\/pubeurope.com\/@fr\/114405023668781023","error":""},"_links":{"self":[{"href":"https:\/\/www.europesays.com\/fr\/wp-json\/wp\/v2\/posts\/54712","targetHints":{"allow":["GET"]}}],"collection":[{"href":"https:\/\/www.europesays.com\/fr\/wp-json\/wp\/v2\/posts"}],"about":[{"href":"https:\/\/www.europesays.com\/fr\/wp-json\/wp\/v2\/types\/post"}],"author":[{"embeddable":true,"href":"https:\/\/www.europesays.com\/fr\/wp-json\/wp\/v2\/users\/2"}],"replies":[{"embeddable":true,"href":"https:\/\/www.europesays.com\/fr\/wp-json\/wp\/v2\/comments?post=54712"}],"version-history":[{"count":0,"href":"https:\/\/www.europesays.com\/fr\/wp-json\/wp\/v2\/posts\/54712\/revisions"}],"wp:featuredmedia":[{"embeddable":true,"href":"https:\/\/www.europesays.com\/fr\/wp-json\/wp\/v2\/media\/54713"}],"wp:attachment":[{"href":"https:\/\/www.europesays.com\/fr\/wp-json\/wp\/v2\/media?parent=54712"}],"wp:term":[{"taxonomy":"category","embeddable":true,"href":"https:\/\/www.europesays.com\/fr\/wp-json\/wp\/v2\/categories?post=54712"},{"taxonomy":"post_tag","embeddable":true,"href":"https:\/\/www.europesays.com\/fr\/wp-json\/wp\/v2\/tags?post=54712"}],"curies":[{"name":"wp","href":"https:\/\/api.w.org\/{rel}","templated":true}]}}