{"id":547128,"date":"2025-11-20T15:45:14","date_gmt":"2025-11-20T15:45:14","guid":{"rendered":"https:\/\/www.europesays.com\/fr\/547128\/"},"modified":"2025-11-20T15:45:14","modified_gmt":"2025-11-20T15:45:14","slug":"donald-trump-evoque-la-peine-de-mort-apres-un-appel-delus-democrates-a-la-desobeissance-des-militaires","status":"publish","type":"post","link":"https:\/\/www.europesays.com\/fr\/547128\/","title":{"rendered":"Donald Trump \u00e9voque \u00abla peine de mort\u00bb apr\u00e8s un appel d\u2019\u00e9lus d\u00e9mocrates \u00e0 la d\u00e9sob\u00e9issance des militaires"},"content":{"rendered":"<p>\n    Plusieurs \u00e9lus d\u00e9mocrates ont appel\u00e9 publiquement les militaires et agents du renseignement am\u00e9ricains \u00e0 refuser les \u00abordres ill\u00e9gaux\u00bb du gouvernement Trump. De quoi faire bondir le pr\u00e9sident am\u00e9ricain.<\/p>\n<p class=\"fig-paragraph\"><a href=\"http:\/\/www.lefigaro.fr\/voyages\/hotels\/ultraluxe-et-financement-saoudien-trump-etend-son-empire-hotelier-aux-maldives-20251120\" data-fig-type=\"Article\" data-gtm-custom-categorie=\"navigation\" data-gtm-custom-action=\"crossclick\" data-gtm-custom-label=\"Contextuel\" data-gtm-event=\"customEventSPE\" data-fig-domain=\"LEFIGARO\" target=\"_blank\" rel=\"noopener\">Donald Trump<\/a>\u00a0a qualifi\u00e9 jeudi de \u00abtra\u00eetres\u00bb des\u00a0<a href=\"http:\/\/www.lefigaro.fr\/international\/elu-maire-de-new-york-zohran-mamdani-accompagne-le-reveil-democrate-contre-donald-trump-20251105\" data-fig-type=\"Article\" data-gtm-custom-categorie=\"navigation\" data-gtm-custom-action=\"crossclick\" data-gtm-custom-label=\"Contextuel\" data-gtm-event=\"customEventSPE\" data-fig-domain=\"LEFIGARO\" target=\"_blank\" rel=\"noopener\">\u00e9lus d\u00e9mocrates<\/a>\u00a0qui ont appel\u00e9 publiquement les militaires et agents du renseignement am\u00e9ricains \u00e0 refuser les \u00abordres ill\u00e9gaux\u00bb de son gouvernement. Il a \u00e9galement \u00e9voqu\u00e9 \u00abla peine de mort\u00bb.<\/p>\n<p class=\"fig-paragraph\">\u00abCeci est vraiment mauvais et dangereux pour notre pays\u00bb, a \u00e9crit le pr\u00e9sident am\u00e9ricain sur son r\u00e9seau Truth Social en commentaire d&rsquo;un article de presse consacr\u00e9 \u00e0 cet appel lanc\u00e9 sur X par six \u00e9lus d\u00e9mocrates \u00e0 la Chambre des repr\u00e9sentants et au S\u00e9nat, ayant eux-m\u00eames servi dans l&rsquo;arm\u00e9e ou les services de renseignement. \u00abCOMPORTEMENT S\u00c9DITIEUX VENU DE TRA\u00ceTRES!!! ENFERMEZ-LES???\u00bb, a ajout\u00e9 Donald Trump. Le pr\u00e9sident a par ailleurs \u00e9voqu\u00e9 \u00abla peine de mort\u00bb concernant ces \u00e9lus.<\/p>\n<p>                                    <a class=\"fig-a11y-skip a11y-hidden\" href=\"#fig-a11y-skip-main-inarticle\"><br \/>\n        Passer la publicit\u00e9<br \/>\n    <\/a><\/p>\n<p class=\"fig-paragraph\">Dans leur vid\u00e9o diffus\u00e9e mardi, ces six d\u00e9mocrates estiment que \u00abcette administration oppose nos militaires en uniforme et nos professionnels du renseignement aux citoyens am\u00e9ricains\u00bb.<\/p>\n<p>\u00abVous pouvez refuser les ordres ill\u00e9gaux\u00bb<\/p>\n<p class=\"fig-paragraph\">\u00abAujourd&rsquo;hui, les menaces contre notre Constitution ne viennent pas seulement de l&rsquo;\u00e9tranger, mais aussi d&rsquo;ici, chez nous\u00bb, d\u00e9noncent ces \u00e9lus, dont le s\u00e9nateur Mark Kelly, un ancien membre de la marine am\u00e9ricaine et astronaute de la Nasa, ou la s\u00e9natrice Elissa Slotkin, qui a servi pour la CIA en Irak. \u00abVous pouvez refuser les ordres ill\u00e9gaux\u00bb, exhortent-ils.<\/p>\n<p class=\"fig-paragraph\">Les \u00e9lus d\u00e9mocrates ne pr\u00e9cisent pas dans leur vid\u00e9o \u00e0 quels ordres ils font r\u00e9f\u00e9rence, mais Donald Trump et son fid\u00e8le alli\u00e9 au Pentagone, le ministre Pete Hegseth, sont critiqu\u00e9s pour leur utilisation des forces arm\u00e9es, tant aux \u00c9tats-Unis qu&rsquo;\u00e0 l&rsquo;\u00e9tranger.<\/p>\n<p class=\"fig-paragraph\">Le r\u00e9publicain a notamment ordonn\u00e9 le\u00a0<a href=\"http:\/\/www.lefigaro.fr\/international\/nouveau-revers-pour-trump-qui-voit-le-deploiement-de-la-garde-nationale-a-portland-bloque-par-la-justice-20251108\" data-fig-type=\"NewsFlash\" data-gtm-custom-categorie=\"navigation\" data-gtm-custom-action=\"crossclick\" data-gtm-custom-label=\"Contextuel\" data-gtm-event=\"customEventSPE\" data-fig-domain=\"LEFIGARO\" target=\"_blank\" rel=\"noopener\">d\u00e9ploiement de la Garde nationale<\/a>\u00a0dans plusieurs villes d\u00e9mocrates, dont Los Angeles et Washington, contre l&rsquo;avis des autorit\u00e9s locales. Les \u00c9tats-Unis ont \u00e9galement men\u00e9 ces derni\u00e8res semaines une\u00a0<a href=\"http:\/\/www.lefigaro.fr\/international\/de-nouvelles-frappes-americaines-contre-deux-bateaux-de-narcotrafiquants-presumes-font-six-morts-dans-le-pacifique-20251110\" data-fig-type=\"NewsFlash\" data-gtm-custom-categorie=\"navigation\" data-gtm-custom-action=\"crossclick\" data-gtm-custom-label=\"Contextuel\" data-gtm-event=\"customEventSPE\" data-fig-domain=\"LEFIGARO\" target=\"_blank\" rel=\"noopener\">vingtaine de frappes dans les Cara\u00efbes<\/a>\u00a0et le Pacifique contre des embarcations qu&rsquo;ils accusent &#8211; sans pr\u00e9senter de preuves &#8211; de transporter de la drogue, faisant au moins 83 victimes.<\/p>\n","protected":false},"excerpt":{"rendered":"Plusieurs \u00e9lus d\u00e9mocrates ont appel\u00e9 publiquement les militaires et agents du renseignement am\u00e9ricains \u00e0 refuser les \u00abordres ill\u00e9gaux\u00bb&hellip;\n","protected":false},"author":2,"featured_media":547129,"comment_status":"","ping_status":"","sticky":false,"template":"","format":"standard","meta":{"footnotes":""},"categories":[1589],"tags":[11,75,73,1866,13264,12,1203,1864,1865,1863,308],"class_list":{"0":"post-547128","1":"post","2":"type-post","3":"status-publish","4":"format-standard","5":"has-post-thumbnail","7":"category-etats-unis","8":"tag-actualites","9":"tag-donald-trump","10":"tag-etats-unis","11":"tag-etats-unis-damerique","12":"tag-militaires","13":"tag-news","14":"tag-parti-democrate","15":"tag-united-states","16":"tag-united-states-of-america","17":"tag-us","18":"tag-usa"},"share_on_mastodon":{"url":"https:\/\/pubeurope.com\/@fr\/115582803910084796","error":""},"_links":{"self":[{"href":"https:\/\/www.europesays.com\/fr\/wp-json\/wp\/v2\/posts\/547128","targetHints":{"allow":["GET"]}}],"collection":[{"href":"https:\/\/www.europesays.com\/fr\/wp-json\/wp\/v2\/posts"}],"about":[{"href":"https:\/\/www.europesays.com\/fr\/wp-json\/wp\/v2\/types\/post"}],"author":[{"embeddable":true,"href":"https:\/\/www.europesays.com\/fr\/wp-json\/wp\/v2\/users\/2"}],"replies":[{"embeddable":true,"href":"https:\/\/www.europesays.com\/fr\/wp-json\/wp\/v2\/comments?post=547128"}],"version-history":[{"count":0,"href":"https:\/\/www.europesays.com\/fr\/wp-json\/wp\/v2\/posts\/547128\/revisions"}],"wp:featuredmedia":[{"embeddable":true,"href":"https:\/\/www.europesays.com\/fr\/wp-json\/wp\/v2\/media\/547129"}],"wp:attachment":[{"href":"https:\/\/www.europesays.com\/fr\/wp-json\/wp\/v2\/media?parent=547128"}],"wp:term":[{"taxonomy":"category","embeddable":true,"href":"https:\/\/www.europesays.com\/fr\/wp-json\/wp\/v2\/categories?post=547128"},{"taxonomy":"post_tag","embeddable":true,"href":"https:\/\/www.europesays.com\/fr\/wp-json\/wp\/v2\/tags?post=547128"}],"curies":[{"name":"wp","href":"https:\/\/api.w.org\/{rel}","templated":true}]}}