{"id":547134,"date":"2025-11-20T15:49:17","date_gmt":"2025-11-20T15:49:17","guid":{"rendered":"https:\/\/www.europesays.com\/fr\/547134\/"},"modified":"2025-11-20T15:49:17","modified_gmt":"2025-11-20T15:49:17","slug":"un-colloque-qui-a-eu-lieu-ailleurs","status":"publish","type":"post","link":"https:\/\/www.europesays.com\/fr\/547134\/","title":{"rendered":"Un colloque qui a eu lieu ailleurs\u2026"},"content":{"rendered":"<p><strong>L\u2019annulation au Coll\u00e8ge de France du colloque \u00ab\u00a0La Palestine et l\u2019Europe\u00a0\u00bb \u00e9meut les amoureux de la libert\u00e9 d\u2019expression. Pour les adversaires les plus r\u00e9solus d\u2019Isra\u00ebl c\u2019est carr\u00e9ment la libert\u00e9 acad\u00e9mique qui aurait \u00e9t\u00e9 assassin\u00e9e (!). Mais l\u2019\u00e9v\u00e8nement a finalement eu lieu ailleurs, et tous ses intervenants douteux ont pu d\u00e9rouler leur rh\u00e9torique antisioniste et se victimiser.<\/strong><\/p>\n<p>Le 9 novembre, l\u2019administrateur du Coll\u00e8ge de France, Thomas R\u00f6mer, a annul\u00e9 un colloque sur la Palestine et l\u2019Europe qui devait avoir lieu\u00a0quelques jours plus tard, en rappelant, entre autres,\u00a0qu\u2019un d\u00e9bat scientifique doit assurer une pluralit\u00e9 d\u2019analyses et de perspectives. Il y a eu apr\u00e8s cette annulation des communiqu\u00e9s de protestation qui auraient impliqu\u00e9 plusieurs milliers de chercheurs.\u00a0On ne savait pas qu\u2019il y avait en France autant de sp\u00e9cialistes universitaires sur le sujet\u2026\u00a0<\/p>\n<p><strong>La foire aux experts<\/strong><\/p>\n<p>Disons les choses simplement, la partialit\u00e9 absolue du colloque crevait les yeux et le nombre de protestations ne change rien \u00e0 cette r\u00e9alit\u00e9. Tout indique que ce colloque visait\u00a0\u00e0 promouvoir un narratif anti-isra\u00e9lien, dans le cadre d\u2019une strat\u00e9gie communicationnelle \u00e9labor\u00e9e. L\u2019organisme coorganisateur \u00e9tait le Centre arabe de recherches et d\u2019\u00e9tudes politiques, le Carep, financ\u00e9 par le Doha Institute for Graduate Studies, fond\u00e9 par Azmi Bushara, ancien d\u00e9put\u00e9 arabe \u00e0 la Knesset, d\u00e9mis pour espionnage en faveur du Hezbollah et proche de l\u2019\u00e9mir du Qatar. C\u2019est d\u2019ailleurs ce centre, qui se pr\u00e9tend \u00e9videmment neutre et scientifique et qui est situ\u00e9 \u2013 \u00e7a ne s\u2019invente pas ! \u2013 rue Raymond Aron \u00e0 Paris, qui a h\u00e9berg\u00e9 le colloque qui y a eu lieu apr\u00e8s l\u2019annulation.<\/p>\n<p>Pour optimiser un message, le poids symbolique\u00a0de son lieu d\u2019\u00e9mission et le prestige de celui qui l\u2019incarne sont d\u2019une importance capitale. Pour le lieu, rien de mieux que le Coll\u00e8ge de France, sommet de l\u2019excellence acad\u00e9mique. Quant au porteur du colloque, on a soudainement entendu dans les m\u00e9dias que le Professeur Henry Laurens, titulaire de la chaire \u00ab Histoire contemporaine du monde arabe \u00bb du Coll\u00e8ge de France et peu connu jusque-l\u00e0 dans le public, \u00e9tait la r\u00e9f\u00e9rence absolue sur le conflit isra\u00e9lo-palestinien.<\/p>\n<p>Dans la fabrique de l\u2019opinion, c\u2019est Edward Bernays, double neveu de Sigmund Freud, qui, il y a cent ans, a montr\u00e9 l\u2019importance de la parole des suppos\u00e9s experts, tels ces m\u00e9decins qui poussaient alors les femmes \u00e0 fumer parce que, entre autres, cela calmait les nerfs et permettait de maigrir. \u00c0 l\u2019\u00e9poque du Covid, le d\u00e9lire de l\u2019hydroxychloroquine a \u00e9t\u00e9 port\u00e9 par l\u2019assertion absurde que le Professeur Raoult \u00e9tait unanimement reconnu comme le meilleur virologue du monde.<\/p>\n<p class=\"has-text-align-center\"><strong>A lire aussi: <a href=\"https:\/\/www.causeur.fr\/le-dernier-tango-a-paris-ou-le-scandale-permanent-319010\" rel=\"nofollow noopener\" target=\"_blank\">\u00abLe Dernier tango \u00e0 Paris\u00bb ou le scandale permanent<\/a><\/strong><\/p>\n<p>Henry Laurens, un sp\u00e9cialiste du monde arabe qui ne connait pas le monde juif et ne veut pas le connaitre n\u2019a\u00a0invit\u00e9 \u00e0 son colloque aucun historien ou politiste neutre ou un peu favorable \u00e0 Isra\u00ebl. Dans ses livres une minutieuse documentation passe dans le lit de Procuste d\u2019un filtre explicatif unique: Isra\u00ebl est la cr\u00e9ature coloniale de l\u2019Occident et rien d\u2019autre ne compte. Interrog\u00e9 le 23 octobre 2023, le Professeur Laurens qualifie l\u2019accusation d\u2019antis\u00e9mitisme d\u2019arme politique, souligne que les Palestiniens ont le droit de se d\u00e9fendre et avertit que le soutien de l\u2019Occident \u00e0 Isra\u00ebl va lui valoir dans le monde un ressentiment justifi\u00e9. Quinze jours\u00a0apr\u00e8s les massacres du 7-Octobre qu\u2019il juge implicitement comme une p\u00e9rip\u00e9tie, il n\u2019a aucun mot sur les victimes. S\u2019il admet le terme d\u2019atrocit\u00e9s pour les\u00a0d\u00e9signer, c\u2019est toujours pour le mettre en regard d\u2019un terrorisme isra\u00e9lien qualifi\u00e9 de structurel. En somme, Henry Laurens, c\u2019est\u00a0un Jean-Luc M\u00e9lenchon qui aurait obtenu une chaire au Coll\u00e8ge de France.\u00a0Denis Charbit, qui n\u2019est pas un ultra-sioniste fanatique, d\u00e9monte\u00a0au scalpel sa rh\u00e9torique, aussi simpliste que biais\u00e9e.<\/p>\n<p>Le mot colonial est un de ces termes fig\u00e9s qui servent \u00e0 disqualifier l\u2019adversaire en lui imposant une marque d\u2019infamie qui ferme le d\u00e9bat. Mais que dire du mot g\u00e9nocide? Il \u00e9tait\u00a0omnipr\u00e9sent dans l\u2019intervention de Francesca Albanese, rapporteur des Droits de l\u2019Homme aux Nations Unies, une des \u00abguest stars\u00bb du colloque, dont les titres prestigieux\u00a0 servent \u00e0 promouvoir un narratif si odieusement anti-isra\u00e9lien qu\u2019il a souvent \u00e9t\u00e9 qualifi\u00e9 d\u2019antis\u00e9mite. Elle n\u2019a\u00a0pas droit \u00e0 utiliser le terme de g\u00e9nocide sur lequel la Cour Internationale de Justice ne s\u2019est pas encore prononc\u00e9e, mais exploitant le prestige de sa fonction \u00e0 l\u2019ONU, elle le fait continuellement cherchant ainsi \u00e0 fl\u00e9trir Isra\u00ebl d\u2019une \u00e9tiquette ignominieuse qui a l\u2019avantage suppl\u00e9mentaire de gommer la Shoah.<\/p>\n<p>On trouve la m\u00eame haine chez une autre vedette\u00a0de ce colloque, Josep Borrell, ancien Haut-Repr\u00e9sentant de l\u2019Union europ\u00e9enne pour les Affaires \u00e9trang\u00e8res. Au micro de France Culture il reprend sans r\u00e9serve les chiffres de mortalit\u00e9 \u00e0 Gaza fournis par le fameux, mensonger et d\u2019ailleurs inexistant Minist\u00e8re de la Sant\u00e9 du Hamas. Il reproche \u00e0 son interlocuteur\u00a0de ne pas \u00eatre capable de saisir un massacre d\u2019une telle ampleur et quand celui-ci, le journaliste Guillaume Erner, lui r\u00e9torque poliment qu\u2019il vient d\u2019une famille qui a pay\u00e9 son tribut \u00e0 la Shoah, Borrell s\u2019emporte contre cette allusion \u00e0 un pass\u00e9 dont il dit qu\u2019il est r\u00e9volu et politiquement manipul\u00e9. C\u2019est d\u2019ailleurs un des th\u00e8mes du colloque.<\/p>\n<p><strong>Malaise<\/strong><\/p>\n<p>Ceux qui \u00e0 juste titre ont tir\u00e9 la sonnette d\u2019alarme,\u00a0la LICRA entre autres, \u00e9taient mal \u00e0 l\u2019aise avec l\u2019id\u00e9e d\u2019interdire un colloque universitaire, et de fait celui-ci n\u2019a pas \u00e9t\u00e9 interdit, il a \u00e9t\u00e9 d\u00e9plac\u00e9. Bien entendu, les protestations ont port\u00e9 sur la sacro-sainte libert\u00e9 d\u2019expression, particuli\u00e8rement importante dans le monde de la Science. Voil\u00e0 qu\u2019on en \u00e9tait revenu aux temps de Galil\u00e9e et de l\u2019Inquisition.<\/p>\n<p>Il ne faut pas \u00eatre na\u00eff. Il y a eu des pseudo-colloques scientifiques en Allemagne nazie sur les th\u00e9ories raciales, il y en a eu en Union Sovi\u00e9tique pour soutenir les th\u00e8ses de Lyssenko. Pour qu\u2019il y ait science, il faut qu\u2019il y ait d\u00e9bat et discussion sur les d\u00e9saccords, ce que ne proposait aucunement le colloque de M. Laurens.<\/p>\n<p class=\"has-text-align-center\"><strong>A lire aussi: <a href=\"https:\/\/www.causeur.fr\/dix-ans-apres-le-13-novembre-la-menace-endogene-318641\" rel=\"nofollow noopener\" target=\"_blank\">Dix ans apr\u00e8s le 13-Novembre, la menace endog\u00e8ne<\/a><\/strong><\/p>\n<p>L\u2019accusation que l\u2019on essaie de restreindre la libert\u00e9 n\u2019est pas toujours un sursaut moral, c\u2019est parfois un moyen d\u2019inverser la charge morale. Comme tel, c\u2019est un\u00a0efficace outil de\u00a0communication politique.<\/p>\n<p>Certains de ceux qui ont protest\u00e9 contre l\u2019annulation n\u2019avaient en m\u00eame temps pas de mots assez durs pour fustiger la moindre pr\u00e9sence ou manifestation pouvant \u00eatre\u00a0consid\u00e9r\u00e9e comme pro-isra\u00e9lienne ou pas suffisamment anti-isra\u00e9lienne, dans les universit\u00e9s, les salles de concert ou les terrains de sport.<\/p>\n<p>Ils n\u2019ont rien invent\u00e9. Pas de libert\u00e9 pour les ennemis de la libert\u00e9, c\u2019\u00e9tait d\u00e9j\u00e0 la devise de Saint Just, le th\u00e9oricien de la Terreur r\u00e9volutionnaire. Comme lui, certains des partisans de ce colloque s\u2019arrogent le droit de d\u00e9finir eux-m\u00eames ce qu\u2019est la libert\u00e9 acceptable. Quant aux\u00a0autres, ils prennent plaisir \u00e0 rester dans le confortable mirage de l\u2019illusion et de l\u2019aveuglement.<\/p>\n<p>            Vous venez de lire un article en acc\u00e8s libre.<br \/>\n            Causeur ne vit que par ses lecteurs, c\u2019est la seule garantie de son ind\u00e9pendance.<br \/>\n            <br \/>Pour nous soutenir, achetez Causeur en kiosque ou <a href=\"https:\/\/boutique.causeur.fr\/\" rel=\"nofollow noopener\" target=\"_blank\">abonnez-vous !<\/a><\/p>\n","protected":false},"excerpt":{"rendered":"L\u2019annulation au Coll\u00e8ge de France du colloque \u00ab\u00a0La Palestine et l\u2019Europe\u00a0\u00bb \u00e9meut les amoureux de la libert\u00e9 d\u2019expression.&hellip;\n","protected":false},"author":2,"featured_media":547135,"comment_status":"","ping_status":"","sticky":false,"template":"","format":"standard","meta":{"footnotes":""},"categories":[1586],"tags":[11,1777,674,1779,1011,27,12,25,1778,364],"class_list":{"0":"post-547134","1":"post","2":"type-post","3":"status-publish","4":"format-standard","5":"has-post-thumbnail","7":"category-europe","8":"tag-actualites","9":"tag-eu","10":"tag-europe","11":"tag-european-union","12":"tag-fr","13":"tag-france","14":"tag-news","15":"tag-republique-francaise","16":"tag-ue","17":"tag-union-europeenne"},"share_on_mastodon":{"url":"https:\/\/pubeurope.com\/@fr\/115582819625599243","error":""},"_links":{"self":[{"href":"https:\/\/www.europesays.com\/fr\/wp-json\/wp\/v2\/posts\/547134","targetHints":{"allow":["GET"]}}],"collection":[{"href":"https:\/\/www.europesays.com\/fr\/wp-json\/wp\/v2\/posts"}],"about":[{"href":"https:\/\/www.europesays.com\/fr\/wp-json\/wp\/v2\/types\/post"}],"author":[{"embeddable":true,"href":"https:\/\/www.europesays.com\/fr\/wp-json\/wp\/v2\/users\/2"}],"replies":[{"embeddable":true,"href":"https:\/\/www.europesays.com\/fr\/wp-json\/wp\/v2\/comments?post=547134"}],"version-history":[{"count":0,"href":"https:\/\/www.europesays.com\/fr\/wp-json\/wp\/v2\/posts\/547134\/revisions"}],"wp:featuredmedia":[{"embeddable":true,"href":"https:\/\/www.europesays.com\/fr\/wp-json\/wp\/v2\/media\/547135"}],"wp:attachment":[{"href":"https:\/\/www.europesays.com\/fr\/wp-json\/wp\/v2\/media?parent=547134"}],"wp:term":[{"taxonomy":"category","embeddable":true,"href":"https:\/\/www.europesays.com\/fr\/wp-json\/wp\/v2\/categories?post=547134"},{"taxonomy":"post_tag","embeddable":true,"href":"https:\/\/www.europesays.com\/fr\/wp-json\/wp\/v2\/tags?post=547134"}],"curies":[{"name":"wp","href":"https:\/\/api.w.org\/{rel}","templated":true}]}}