{"id":547140,"date":"2025-11-20T15:52:25","date_gmt":"2025-11-20T15:52:25","guid":{"rendered":"https:\/\/www.europesays.com\/fr\/547140\/"},"modified":"2025-11-20T15:52:25","modified_gmt":"2025-11-20T15:52:25","slug":"sondage-miss-france-2026-et-vous-pour-qui-allez-vous-voter-20-11-2025","status":"publish","type":"post","link":"https:\/\/www.europesays.com\/fr\/547140\/","title":{"rendered":"[SONDAGE] Miss France 2026 : et vous, pour qui allez-vous voter ? &#8211; 20\/11\/2025"},"content":{"rendered":"<p>\u00a0<\/p>\n<p>Les Hauts-de-France, terre de Miss FranceLa r\u00e9gion des Hauts-de-France poss\u00e8de un palmar\u00e8s impressionnant dans l&rsquo;histoire du concours national <a href=\"https:\/\/www.weo.fr\/dossier\/miss-france\/\" rel=\"nofollow noopener\" target=\"_blank\"><strong>Miss France<\/strong><\/a>. Les habitants attendent chaque ann\u00e9e avec une impatience l\u00e9gitime de d\u00e9couvrir le visage de celle qui d\u00e9fendra les couleurs r\u00e9gionales lors de la grande soir\u00e9e d&rsquo;\u00e9lection.Le bilan r\u00e9cent parle de lui-m\u00eame. <strong>\u00c8ve Gilles<\/strong> a \u00e9t\u00e9 couronn\u00e9e <strong>Miss France 2024<\/strong>, tandis que <strong>Sabah Aib<\/strong> a d\u00e9croch\u00e9 la place de premi\u00e8re dauphine l&rsquo;ann\u00e9e derni\u00e8re. Cette performance exceptionnelle s&rsquo;inscrit dans une longue tradition d&rsquo;excellence puisque le <strong>Nord-Pas-de-Calais<\/strong> et la <strong>Picardie<\/strong> ont \u00e9galement vu triompher <strong>\u00c9lodie Gossuin<\/strong>, <strong>Rachel Legrain-Trapani<\/strong>, <strong>Camille Cerf<\/strong>, <strong>Iris Mittenaere<\/strong> et <strong>Ma\u00ebva Coucke<\/strong>. Une v\u00e9ritable dynastie qui fait la fiert\u00e9 de tout un territoire.Lola Lach\u00e8re et Emma Boivin, nos deux Miss r\u00e9gionalesCette ann\u00e9e, trente candidates se disputeront le prestigieux titre de <strong>Miss France 2026<\/strong>. Les Hauts-de-France pr\u00e9sentent deux pr\u00e9tendantes de choix, \u00e9lues lors du week-end des 27 et 28 septembre dernier.Lola Lach\u00e8re, Miss Nord-Pas-de-Calais 2025<br \/>\n<a href=\"https:\/\/www.weo.fr\/video\/lola-lachere-miss-nord-pas-de-calais-2025-future-miss-france-2026\/\" rel=\"nofollow noopener\" target=\"_blank\"><strong>Lola Lach\u00e8re<\/strong><\/a> a remport\u00e9 le titre de <strong>Miss Nord-Pas-de-Calais 2025<\/strong> et succ\u00e8de ainsi \u00e0 <strong>Sabah Aib<\/strong>, <strong>Miss Nord-Pas-de-Calais 2024<\/strong> et premi\u00e8re dauphine du dernier concours national. \u00c0 seulement 20 ans, cette jeune femme originaire de Berck-sur-Mer affiche d\u00e9j\u00e0 une solide exp\u00e9rience des podiums.Son parcours r\u00e9v\u00e8le une progression remarquable. Elle a d&rsquo;abord \u00e9t\u00e9 \u00e9lue Miss Craywick en novembre 2024, un petit village de 800 habitants, avant de d\u00e9crocher la place de premi\u00e8re dauphine de Miss Lille. Actuellement \u00e9tudiante en BUT commerce \u00e9v\u00e9nementiel \u00e0 l&rsquo;Universit\u00e9 de Lille, elle nourrit de grandes ambitions.Sa devise personnelle r\u00e9sume parfaitement son \u00e9tat d&rsquo;esprit : \u00ab Un gagnant est un r\u00eaveur qui n&rsquo;abandonne jamais \u00bb. Sportive accomplie, <a href=\"https:\/\/www.weo.fr\/video\/quiz-nos-vingt-questions-a-lola-lachere-miss-nord-pas-de-calais-2025\/\" rel=\"nofollow noopener\" target=\"_blank\"><strong>Lola Lach\u00e8re<\/strong><\/a> a pratiqu\u00e9 le volley-ball en comp\u00e9tition. D\u00e9tail insolite et touchant : elle ne porte pas la m\u00eame pointure aux deux pieds, un 39 et un 40.Emma Boivin, Miss Picardie 2025<br \/>\n<a href=\"https:\/\/www.weo.fr\/video\/miss-picardie-2025-le-sacre-demma-boivin\/\" rel=\"nofollow noopener\" target=\"_blank\"><strong>Emma Boivin<\/strong><\/a> a fait sensation lors de son \u00e9lection \u00e0 l&rsquo;Elispace de Beauvais. Cette Beauvaisienne de 24 ans a d\u00e9croch\u00e9 le titre de <strong>Miss Picardie 2025<\/strong> et succ\u00e8de \u00e0 <strong>Marina Przadka<\/strong>, <strong>Miss Picardie 2024<\/strong> qui avait atteint les demi-finales du concours national.La jeune femme exerce le m\u00e9tier d&rsquo;infirmi\u00e8re au CHU d&rsquo;Amiens, dans la Somme. Son parcours professionnel dans le secteur m\u00e9dical apporte une dimension humaine forte \u00e0 sa candidature. Elle repr\u00e9sentera la Picardie avec fiert\u00e9 lors de l&rsquo;\u00e9lection du 13 d\u00e9cembre prochain.Et vous, pour qui allez-vous voter ?<\/p>\n<p>Pour l&rsquo;occasion, W\u00e9o organise un grand sondage r\u00e9gional ! Alors, pour qui allez-vous voter ?<\/p>\n","protected":false},"excerpt":{"rendered":"\u00a0 Les Hauts-de-France, terre de Miss FranceLa r\u00e9gion des Hauts-de-France poss\u00e8de un palmar\u00e8s impressionnant dans l&rsquo;histoire du concours&hellip;\n","protected":false},"author":2,"featured_media":547141,"comment_status":"","ping_status":"","sticky":false,"template":"","format":"standard","meta":{"footnotes":""},"categories":[4],"tags":[11,1011,27,12,25],"class_list":{"0":"post-547140","1":"post","2":"type-post","3":"status-publish","4":"format-standard","5":"has-post-thumbnail","7":"category-france","8":"tag-actualites","9":"tag-fr","10":"tag-france","11":"tag-news","12":"tag-republique-francaise"},"share_on_mastodon":{"url":"https:\/\/pubeurope.com\/@fr\/115582831325694585","error":""},"_links":{"self":[{"href":"https:\/\/www.europesays.com\/fr\/wp-json\/wp\/v2\/posts\/547140","targetHints":{"allow":["GET"]}}],"collection":[{"href":"https:\/\/www.europesays.com\/fr\/wp-json\/wp\/v2\/posts"}],"about":[{"href":"https:\/\/www.europesays.com\/fr\/wp-json\/wp\/v2\/types\/post"}],"author":[{"embeddable":true,"href":"https:\/\/www.europesays.com\/fr\/wp-json\/wp\/v2\/users\/2"}],"replies":[{"embeddable":true,"href":"https:\/\/www.europesays.com\/fr\/wp-json\/wp\/v2\/comments?post=547140"}],"version-history":[{"count":0,"href":"https:\/\/www.europesays.com\/fr\/wp-json\/wp\/v2\/posts\/547140\/revisions"}],"wp:featuredmedia":[{"embeddable":true,"href":"https:\/\/www.europesays.com\/fr\/wp-json\/wp\/v2\/media\/547141"}],"wp:attachment":[{"href":"https:\/\/www.europesays.com\/fr\/wp-json\/wp\/v2\/media?parent=547140"}],"wp:term":[{"taxonomy":"category","embeddable":true,"href":"https:\/\/www.europesays.com\/fr\/wp-json\/wp\/v2\/categories?post=547140"},{"taxonomy":"post_tag","embeddable":true,"href":"https:\/\/www.europesays.com\/fr\/wp-json\/wp\/v2\/tags?post=547140"}],"curies":[{"name":"wp","href":"https:\/\/api.w.org\/{rel}","templated":true}]}}