{"id":547152,"date":"2025-11-20T16:03:12","date_gmt":"2025-11-20T16:03:12","guid":{"rendered":"https:\/\/www.europesays.com\/fr\/547152\/"},"modified":"2025-11-20T16:03:12","modified_gmt":"2025-11-20T16:03:12","slug":"chez-lartiste-joana-vasconcelos-fenetre-ouverte-sur-lisbonne","status":"publish","type":"post","link":"https:\/\/www.europesays.com\/fr\/547152\/","title":{"rendered":"Chez l\u2019artiste Joana Vasconcelos, fen\u00eatre ouverte sur Lisbonne"},"content":{"rendered":"<p>\n    Cette artiste portugaise, qui eut les honneurs de Versailles en 2012, se r\u00e9g\u00e9n\u00e8re chaque matin en regardant l\u2019oc\u00e9an Atlantique d\u2019o\u00f9 partirent les grands navigateurs annon\u00e7ant l\u2019\u00e8re moderne. Portrait d\u2019une intr\u00e9pide.<\/p>\n<p class=\"fig-paragraph\"><a href=\"https:\/\/www.lefigaro.fr\/arts-expositions\/2019\/02\/03\/03015-20190203ARTFIG00013-les-cieux-de-joana-vasconcelos.php\" target=\"_blank\" data-fig-type=\"Article\" rel=\"noopener\" data-gtm-custom-categorie=\"navigation\" data-gtm-custom-action=\"crossclick\" data-gtm-custom-label=\"Contextuel\" data-gtm-event=\"customEventSPE\" data-fig-domain=\"LEFIGARO\">Joana Vasconcelos<\/a>, c\u2019est une nature, une bourrasque, un temp\u00e9rament fonceur et une artiste qui n\u2019a cess\u00e9 de s\u2019imposer depuis sa prise de Versailles en 2012 (Lilicopter, l\u2019h\u00e9licopt\u00e8re dor\u00e9 \u00e0 plumes roses dans la salle 1830, c\u2019est elle). En octobre\u00a02025, Artcurial a accueilli Th\u00e9 Dansant, une collection in\u00e9dite, n\u00e9e de sa collaboration avec\u00a0<a href=\"http:\/\/www.lefigaro.fr\/f-art-de-vivre\/nous-sommes-attaches-a-nos-savoir-faire-michel-bernardaud-une-main-de-fer-dans-un-gant-de-porcelaine-20250128\" target=\"_blank\" data-fig-type=\"Article\" rel=\"noopener\" data-gtm-custom-categorie=\"navigation\" data-gtm-custom-action=\"crossclick\" data-gtm-custom-label=\"Contextuel\" data-gtm-event=\"customEventSPE\" data-fig-domain=\"LEFIGARO\">la maison Bernardaud<\/a>\u00a0et sa th\u00e9i\u00e8re \u00e0 folles arabesques, grosse comme le Ritz.<\/p>\n<p class=\"fig-paragraph\">\u00c0 Lisbonne, cette native de Paris (1971) a ancr\u00e9 sa vie et son studio. \u00ab\u00a0J\u2019aime la lumi\u00e8re du Portugal. Ma fen\u00eatre s\u2019ouvre sur l\u2019oc\u00e9an et me montre de la beaut\u00e9, tous les jours. La premi\u00e8re chose que je vois en me levant, c\u2019est l\u2019Atlantique. Juste regarder le ciel, tous les matins, cela me donne envie de vivre, de cr\u00e9er, de faire partie de ce monde. Et je pense alors que s\u2019il est aussi beau qu\u2019ici, alors cela vaut le coup. J\u2019ai toujours envie d\u2019ailleurs\u00a0! Les Portugais sont toujours partis d\u2019ici pour d\u00e9couvrir le monde, et c\u2019est exactement ce que je fais. Mon atelier est situ\u00e9 \u00e0 l\u2019endroit d\u2019o\u00f9\u00a0<a href=\"http:\/\/www.lefigaro.fr\/histoire\/vasco-de-gama-toutes-voiles-dehors-20231028\" target=\"_blank\" data-fig-type=\"Article\" rel=\"noopener\" data-gtm-custom-categorie=\"navigation\" data-gtm-custom-action=\"crossclick\" data-gtm-custom-label=\"Contextuel\" data-gtm-event=\"customEventSPE\" data-fig-domain=\"LEFIGARO\">tous les grands navigateurs portugais<\/a> \u00a0ont lev\u00e9 l\u2019ancre et o\u00f9 ont \u00e9t\u00e9 construits leurs bateaux en bois, qui paraissent bien humbles, aujourd\u2019hui, face \u00e0 l\u2019immensit\u00e9 de l\u2019oc\u00e9an. Ils appareillaient pour plusieurs mois vers l\u2019inconnu sans savoir si ces terres et ces peuples qu\u2019ils voulaient atteindre existaient. C\u2019\u00e9tait un d\u00e9fi incroyable.\u00bb<\/p>\n<p>    La vue de sa fen\u00eatre sur l\u2019oc\u00e9an des grands marins portugais.<br \/>\n                Coll perso<\/p>\n<p>                                    <a class=\"fig-a11y-skip a11y-hidden\" href=\"#fig-a11y-skip-main-inarticle\"><br \/>\n        Passer la publicit\u00e9<br \/>\n    <\/a><\/p>\n<p class=\"fig-paragraph\">\u00ab Ici, on dit qu\u2019il y a deux genres de Portugais. Ceux qui ne sont jamais partis nulle part et ceux qui sont mont\u00e9s dans ces bateaux sans savoir o\u00f9 ils allaient. Je suis de ceux qui partent sur les bateaux. On ne sait pas vraiment o\u00f9 l\u2019on arrive, mais on arrive quelque part\u00a0! J\u2019ai aussi grand plaisir \u00e0 \u00eatre \u00e0 Lisbonne, c\u2019est ce qu\u2019on appelle l\u2019ambigu\u00eft\u00e9 portugaise\u00a0: on a tout devant nous, mais on a toujours besoin d\u2019autre chose. Reconna\u00eetre l\u2019autre, ce que l\u2019on a en commun, ce que l\u2019on peut partager. Mon premier voyage a \u00e9t\u00e9 de Paris \u00e0 Lisbonne, j\u2019avais 3\u00a0ans. Je suis rest\u00e9e depuis sur la terre de mes anc\u00eatres.\u00a0\u00bb<\/p>\n<p class=\"fig-paragraph\"><strong>Joana Vasconcelos exposera en janvier\u00a02026 \u00e0 la Fondation Valentino, \u00e0 Rome, puis, en mars, au Long Museum, \u00e0 Shangha\u00ef.<\/strong><\/p>\n","protected":false},"excerpt":{"rendered":"Cette artiste portugaise, qui eut les honneurs de Versailles en 2012, se r\u00e9g\u00e9n\u00e8re chaque matin en regardant l\u2019oc\u00e9an&hellip;\n","protected":false},"author":2,"featured_media":547153,"comment_status":"","ping_status":"","sticky":false,"template":"","format":"standard","meta":{"footnotes":""},"categories":[1358],"tags":[1659,1348,1384,1385,1386,58,59,1658,1011,27,6996],"class_list":{"0":"post-547152","1":"post","2":"type-post","3":"status-publish","4":"format-standard","5":"has-post-thumbnail","7":"category-arts-et-design","8":"tag-art-de-vivre","9":"tag-arts","10":"tag-arts-and-design","11":"tag-arts-et-design","12":"tag-design","13":"tag-divertissement","14":"tag-entertainment","15":"tag-f-art-de-vivre","16":"tag-fr","17":"tag-france","18":"tag-portugal"},"share_on_mastodon":{"url":"https:\/\/pubeurope.com\/@fr\/115582874618798809","error":""},"_links":{"self":[{"href":"https:\/\/www.europesays.com\/fr\/wp-json\/wp\/v2\/posts\/547152","targetHints":{"allow":["GET"]}}],"collection":[{"href":"https:\/\/www.europesays.com\/fr\/wp-json\/wp\/v2\/posts"}],"about":[{"href":"https:\/\/www.europesays.com\/fr\/wp-json\/wp\/v2\/types\/post"}],"author":[{"embeddable":true,"href":"https:\/\/www.europesays.com\/fr\/wp-json\/wp\/v2\/users\/2"}],"replies":[{"embeddable":true,"href":"https:\/\/www.europesays.com\/fr\/wp-json\/wp\/v2\/comments?post=547152"}],"version-history":[{"count":0,"href":"https:\/\/www.europesays.com\/fr\/wp-json\/wp\/v2\/posts\/547152\/revisions"}],"wp:featuredmedia":[{"embeddable":true,"href":"https:\/\/www.europesays.com\/fr\/wp-json\/wp\/v2\/media\/547153"}],"wp:attachment":[{"href":"https:\/\/www.europesays.com\/fr\/wp-json\/wp\/v2\/media?parent=547152"}],"wp:term":[{"taxonomy":"category","embeddable":true,"href":"https:\/\/www.europesays.com\/fr\/wp-json\/wp\/v2\/categories?post=547152"},{"taxonomy":"post_tag","embeddable":true,"href":"https:\/\/www.europesays.com\/fr\/wp-json\/wp\/v2\/tags?post=547152"}],"curies":[{"name":"wp","href":"https:\/\/api.w.org\/{rel}","templated":true}]}}