{"id":547157,"date":"2025-11-20T16:07:16","date_gmt":"2025-11-20T16:07:16","guid":{"rendered":"https:\/\/www.europesays.com\/fr\/547157\/"},"modified":"2025-11-20T16:07:16","modified_gmt":"2025-11-20T16:07:16","slug":"le-film-prefere-de-daniel-radcliffe-divise-les-fans","status":"publish","type":"post","link":"https:\/\/www.europesays.com\/fr\/547157\/","title":{"rendered":"le film pr\u00e9f\u00e9r\u00e9 de Daniel Radcliffe divise les fans"},"content":{"rendered":"<p>Nous voil\u00e0 en plein dans <strong>la p\u00e9riode de l\u2019automne<\/strong>. L\u2019hiver approche \u00e0 grands pas. Forc\u00e9ment, comme tous les ans, si vous \u00eates fans d\u2019Harry Potter, cela signifie que c\u2019est <strong>la p\u00e9riode parfaite pour vous relancer dans un marathon<\/strong> des huit films. Vous avez d\u2019ailleurs peut-\u00eatre commenc\u00e9 avec la diffusion des films chaque semaine sur TF1.<\/p>\n<p>Bien entendu, tous les fans ont leur film pr\u00e9f\u00e9r\u00e9. Que ce soit avec les deux premiers, lorsque <strong>la magie et la f\u00e9\u00e9rie<\/strong> dominaient encore Poudlard. Ou<strong> la noirceur<\/strong> des \u00e9pisodes trois et quatre qui ont donn\u00e9 un ton <strong>radicalement diff\u00e9rent<\/strong> \u00e0 la saga. D\u2019autres pr\u00e9f\u00e8rent quand Harry et ses amis s\u2019\u00e9loignent de Poudlard et <strong>mettent de c\u00f4t\u00e9 leurs cours<\/strong> pour commencer \u00e0 affronter les forces du mal avec les films cinq \u00e0 sept.<\/p>\n<p>Dans tous les cas, le principal int\u00e9ress\u00e9, Daniel Radcliffe, qui incarne Harry Potter dans les films, a lui aussi son avis. Et son film pr\u00e9f\u00e9r\u00e9 va certainement diviser, puisque, de son c\u00f4t\u00e9, il n\u2019y a pas de d\u00e9bat, le cinqui\u00e8me opus Harry Potter Et L\u2019Ordre du Phoenix est le meilleur\u00a0!<\/p>\n<p>Harry Potter\u00a05, le meilleur des films selon Daniel Radcliffe<br \/>\n<img loading=\"lazy\" decoding=\"async\" class=\"size-full wp-image-50586067\" src=\"https:\/\/www.europesays.com\/fr\/wp-content\/uploads\/2025\/11\/harry-potter-5.jpg\" alt=\"Harry Potter 5\" width=\"1920\" height=\"1280\"  \/>\u00a9 Warner Bros.<\/p>\n<p>Cette semaine \u00e9tait diffus\u00e9e le cinqui\u00e8me volet de la saga Harry Potter avec L\u2019Ordre du Phoenix. Pour la petite anecdote, c\u2019est un film qui a eu le droit <a href=\"https:\/\/www.journaldugeek.com\/2025\/11\/18\/tf1-diffuse-harry-potter-5-saviez-vous-que-cette-scene-a-ete-censuree\/\" target=\"_blank\" rel=\"noopener\">\u00e0 une sc\u00e8ne censur\u00e9e<\/a>. Mais, en tout cas, c\u2019est le moment id\u00e9al de rappeler que ce cinqui\u00e8me film est <strong>le pr\u00e9f\u00e9r\u00e9 de Daniel Radcliffe<\/strong>, l\u2019interpr\u00e8te d\u2019Harry. C\u2019est dans une interview vid\u00e9o accord\u00e9e \u00e0 Wired en 2019, que le jeune acteur britannique avait fait cette d\u00e9claration.<\/p>\n<p>Bien qu\u2019il aime tout particuli\u00e8rement le dernier film, Harry Potter Et Les Reliques De La Mort (Part2), Daniel Radcliffe aime tout particuli\u00e8rement le cinqui\u00e8me film, m\u00eame si ce n\u2019est clairement pas celui qui fait l\u2019unanimit\u00e9 aupr\u00e8s des fans\u00a0:<\/p>\n<blockquote>\n<p>J\u2019adore le dernier [Harry Potter et les Reliques de la mort partie 2, ndlr] mais j\u2019adore beaucoup le cinqui\u00e8me aussi, alors que je sais que ce n\u2019est pas un avis tr\u00e8s partag\u00e9. J\u2019adore ce film, parce qu\u2019on y voit la relation entre Harry et Sirius [Black], et on voit beaucoup Gary Oldman dans ce film. C\u2019\u00e9tait mon pr\u00e9f\u00e9r\u00e9. Peut-\u00eatre m\u00eame aussi celui que j\u2019ai pr\u00e9f\u00e9r\u00e9 tourn\u00e9. On a pris beaucoup de plaisir \u00e0 le faire.<\/p>\n<\/blockquote>\n<p class=\"p1\">Harry Potter 5 est, selon les notes du site Rotten Tomatoes,<strong> l\u2019avant-dernier film pr\u00e9f\u00e9r\u00e9<\/strong> des internautes avec une note moyenne de 78%. Ce film est une transition. Il se positionne juste apr\u00e8s le v\u00e9ritable retour de Voldemort \u00e0 la fin du tournoi des trois sorciers. Nous retrouvons un Harry Potter traumatis\u00e9 par la mort de Diggory (incarn\u00e9 par Robert Pattinson). Le minist\u00e8re de la Magie d\u00e9ment le retour du mage noir et fait passer Dumbeldor et Harry pour des menteurs.\u00a0<\/p>\n<p class=\"p1\">C\u2019est un film tr\u00e8s politique, qui passe un peu trop rapidement sur certaines intrigues qui \u00e9taient plus d\u00e9velopp\u00e9es dans le livre. Dans tous les cas, cela reste tout de m\u00eame le film pr\u00e9f\u00e9r\u00e9 du jeune sorcier\u2009!\u00a0<\/p>\n<p>Et vous, de votre c\u00f4t\u00e9, quel est votre film Harry Potter pr\u00e9f\u00e9r\u00e9\u00a0?<\/p>\n<blockquote>\n<p class=\"text-base text-neutral-700 dark:text-neutral-300\">\ud83d\udfe3 Pour ne manquer aucune news sur le Journal du Geek, abonnez-vous sur <a href=\"https:\/\/news.google.com\/publications\/CAAqBwgKMNr_hAswwYyCAw?hl=fr&amp;gl=FR&amp;ceid=FR%3Afr\" target=\"_blank\" rel=\"noopener\">Google Actualit\u00e9s<\/a> et sur <a href=\"https:\/\/whatsapp.com\/channel\/0029VaClM5y4tRry12tb7D2h\" target=\"_blank\" rel=\"noopener\">notre WhatsApp<\/a>. Et si vous nous adorez, on a <a href=\"https:\/\/www.journaldugeek.com\/newsletter\/\" target=\"_blank\" rel=\"noopener\">une newsletter tous les matins<\/a>.<\/p>\n<\/blockquote>\n","protected":false},"excerpt":{"rendered":"Nous voil\u00e0 en plein dans la p\u00e9riode de l\u2019automne. L\u2019hiver approche \u00e0 grands pas. Forc\u00e9ment, comme tous les&hellip;\n","protected":false},"author":2,"featured_media":547158,"comment_status":"","ping_status":"","sticky":false,"template":"","format":"standard","meta":{"footnotes":""},"categories":[1354],"tags":[58,59,1346,1011,27,6610,1360],"class_list":{"0":"post-547157","1":"post","2":"type-post","3":"status-publish","4":"format-standard","5":"has-post-thumbnail","7":"category-films","8":"tag-divertissement","9":"tag-entertainment","10":"tag-films","11":"tag-fr","12":"tag-france","13":"tag-harry-potter","14":"tag-movies"},"share_on_mastodon":{"url":"https:\/\/pubeurope.com\/@fr\/115582891289691392","error":""},"_links":{"self":[{"href":"https:\/\/www.europesays.com\/fr\/wp-json\/wp\/v2\/posts\/547157","targetHints":{"allow":["GET"]}}],"collection":[{"href":"https:\/\/www.europesays.com\/fr\/wp-json\/wp\/v2\/posts"}],"about":[{"href":"https:\/\/www.europesays.com\/fr\/wp-json\/wp\/v2\/types\/post"}],"author":[{"embeddable":true,"href":"https:\/\/www.europesays.com\/fr\/wp-json\/wp\/v2\/users\/2"}],"replies":[{"embeddable":true,"href":"https:\/\/www.europesays.com\/fr\/wp-json\/wp\/v2\/comments?post=547157"}],"version-history":[{"count":0,"href":"https:\/\/www.europesays.com\/fr\/wp-json\/wp\/v2\/posts\/547157\/revisions"}],"wp:featuredmedia":[{"embeddable":true,"href":"https:\/\/www.europesays.com\/fr\/wp-json\/wp\/v2\/media\/547158"}],"wp:attachment":[{"href":"https:\/\/www.europesays.com\/fr\/wp-json\/wp\/v2\/media?parent=547157"}],"wp:term":[{"taxonomy":"category","embeddable":true,"href":"https:\/\/www.europesays.com\/fr\/wp-json\/wp\/v2\/categories?post=547157"},{"taxonomy":"post_tag","embeddable":true,"href":"https:\/\/www.europesays.com\/fr\/wp-json\/wp\/v2\/tags?post=547157"}],"curies":[{"name":"wp","href":"https:\/\/api.w.org\/{rel}","templated":true}]}}