{"id":547159,"date":"2025-11-20T16:08:13","date_gmt":"2025-11-20T16:08:13","guid":{"rendered":"https:\/\/www.europesays.com\/fr\/547159\/"},"modified":"2025-11-20T16:08:13","modified_gmt":"2025-11-20T16:08:13","slug":"les-psys-sont-formels-les-personnes-les-plus-intelligentes-ecrivent-toutes-de-cette-maniere","status":"publish","type":"post","link":"https:\/\/www.europesays.com\/fr\/547159\/","title":{"rendered":"Les psys sont formels : les personnes les plus intelligentes \u00e9crivent toutes de cette mani\u00e8re"},"content":{"rendered":"<p>On imagine souvent que <a href=\"https:\/\/www.grazia.fr\/lifestyle\/psycho-sexo\/la-science-ces-10-habitudes-revelent-un-qi-digne-deinstein-753271.html\" target=\"_blank\" rel=\"noopener\"><br \/>\nl\u2019intelligence<\/a> se r\u00e9sume \u00e0 des capacit\u00e9s logiques ou<br \/>\nanalytiques. Pourtant, les sp\u00e9cialistes rappellent qu\u2019elle<br \/>\ns\u2019exprime aussi \u00e0 travers des habitudes du quotidien, parfois<br \/>\ninattendues, qui trahissent une vivacit\u00e9 d\u2019esprit. Parmi ces signes<br \/>\nsurprenants, l\u2019\u00e9criture joue un r\u00f4le r\u00e9v\u00e9lateur. Et contrairement<br \/>\naux id\u00e9es re\u00e7ues, ce n\u2019est pas la calligraphie parfaite qui attire<br \/>\nl\u2019attention des psychologues. Certaines <a href=\"https:\/\/www.grazia.fr\/lifestyle\/psycho-sexo\/voila-les-sept-habitudes-des-personnes-brillantes-et-certaines-sont-etonnantes-1025539.html\" target=\"_blank\" rel=\"noopener\"><br \/>\npersonnes brillantes<\/a> partagent en effet une particularit\u00e9<br \/>\ncommune\u2026 et elle se rep\u00e8re instantan\u00e9ment lorsqu\u2019elles prennent un<br \/>\nstylo.<\/p>\n<p>L\u00a0\u00bb\u00e9criture, un signe d&rsquo;intelligence ?<\/p>\n<p>Il vous est peut-\u00eatre d\u00e9j\u00e0 arriv\u00e9 qu\u2019on vous avoue avoir du mal<br \/>\n\u00e0 vous relire lorsqu\u2019un mot vous \u00e9chappe sur un coin de feuille.<br \/>\nAutrement dit, que <a href=\"https:\/\/www.grazia.fr\/lifestyle\/psycho-sexo\/selon-une-etude-tres-serieuse-voici-signe-insoupconne-que-vous-etes-un-genie-au-qi-surdeveloppe-781783.html\" target=\"_blank\" rel=\"noopener\"><br \/>\nvotre \u00e9criture est jug\u00e9e illisible<\/a>. Si cette remarque vous a<br \/>\nd\u00e9j\u00e0 agac\u00e9, sachez qu\u2019elle pourrait en r\u00e9alit\u00e9 vous flatter. Une<br \/>\n\u00e9tude men\u00e9e par un chercheur de l\u2019universit\u00e9 de Yale, publi\u00e9e dans<br \/>\nThe American Journal of Psychology et relay\u00e9e par <a href=\"https:\/\/etudiant.lefigaro.fr\/vos-etudes\/magazine\/37896-ecriture-intelligence\/\" target=\"_blank\" rel=\"nofollow noopener\">Le Figaro<br \/>\nEtudiant<\/a>, r\u00e9v\u00e8le un lien entre \u00e9criture soign\u00e9e et<br \/>\nintelligence\u2026 mais au d\u00e9triment de ceux qui \u00e9crivent joliment.<br \/>\nSelon cette recherche, la forme des lettres, et non l\u2019orthographe,<br \/>\npermet de distinguer certains profils cognitifs.<\/p>\n<p>Pour parvenir \u00e0 cette conclusion, le scientifique a compar\u00e9 les<br \/>\n\u00e9critures d\u2019\u00e9l\u00e8ves de la primaire jusqu\u2019\u00e0 l\u2019universit\u00e9, \u00e0 partir<br \/>\ndes observations d\u00e9taill\u00e9es de 105 enseignants. Il a ensuite<br \/>\nassoci\u00e9 ces analyses aux QI et aux r\u00e9sultats scolaires des \u00e9l\u00e8ves.<br \/>\nLe verdict ? Ceux qui \u00e9crivent mal affichent en moyenne un QI plus<br \/>\n\u00e9lev\u00e9. Le professeur <strong>Arnold L. Gesell<\/strong> affirme<br \/>\nd\u2019ailleurs que \u00ab\u00a0les enfants ayant une \u00e9criture illisible ont<br \/>\nmontr\u00e9 des capacit\u00e9s mentales \u00e9lev\u00e9es et une agilit\u00e9 mentale<br \/>\nsup\u00e9rieure \u00e0 la moyenne\u00a0\u00bb. Il ajoute : \u00ab\u00a0Ceux ayant une<br \/>\n\u00e9criture n\u00e9glig\u00e9e, mais une bonne orthographe, ont de meilleures<br \/>\nnotes durant l\u2019ensemble de leur scolarit\u00e9\u00a0\u00bb.<\/p>\n<p>Pourquoi les personnes les plus<br \/>\nintelligentes \u00e9crivent-elles mal ?<\/p>\n<p>Selon lui, ce lien s\u2019explique par la rapidit\u00e9 d\u2019analyse et de<br \/>\nraisonnement propre aux personnes tr\u00e8s intelligentes. Leur pens\u00e9e<br \/>\nva si vite que leur main peine \u00e0 suivre la cadence. Les id\u00e9es se<br \/>\nsucc\u00e8dent \u00e0 un rythme tel que le cerveau privil\u00e9gie le traitement<br \/>\nde l\u2019information plut\u00f4t que sa mise en forme. D\u2019ailleurs, plus une<br \/>\npersonne \u00e9crit vite, plus cela indique que les zones du langage et<br \/>\nde la vision sont d\u00e9velopp\u00e9es. Ce d\u00e9calage naturel n\u2019est donc pas<br \/>\nun manque d\u2019effort, mais bien le signe d\u2019un esprit vif, constamment<br \/>\nen mouvement, dont la priorit\u00e9 n\u2019est pas l\u2019esth\u00e9tique du trac\u00e9.<\/p>\n<p>L\u2019\u00e9tude rappelle toutefois que d\u2019autres facteurs peuvent<br \/>\nexpliquer une \u00e9criture \u00ab\u00a0brouillon\u00a0\u00bb : fatigue musculaire,<br \/>\ndifficult\u00e9s psychomotrices ou mauvaise posture. Et comme le<br \/>\nsouligne la graphop\u00e9dagogue Laurence Pierson au Figaro<br \/>\nEtudiant, \u00ab\u00a0l\u2019utilit\u00e9 de l\u2019\u00e9criture n\u2019est plus la<br \/>\nm\u00eame\u00a0\u00bb. Autrefois essentielle, elle est aujourd\u2019hui largement<br \/>\nremplac\u00e9e par le clavier, r\u00e9duisant la pratique manuelle. Il n\u2019en<br \/>\nreste pas moins que ceux qui griffonnent vite et mal pourront<br \/>\nd\u00e9sormais invoquer cette particularit\u00e9 comme signe d\u2019une pens\u00e9e<br \/>\nagile.<\/p>\n","protected":false},"excerpt":{"rendered":"On imagine souvent que l\u2019intelligence se r\u00e9sume \u00e0 des capacit\u00e9s logiques ou analytiques. Pourtant, les sp\u00e9cialistes rappellent qu\u2019elle&hellip;\n","protected":false},"author":2,"featured_media":547160,"comment_status":"","ping_status":"","sticky":false,"template":"","format":"standard","meta":{"footnotes":""},"categories":[10],"tags":[3477,1805,30563,66505,1011,27,72,66506,151,62683,3744,378,5338,71,3333,10125],"class_list":{"0":"post-547159","1":"post","2":"type-post","3":"status-publish","4":"format-standard","5":"has-post-thumbnail","7":"category-sante","8":"tag-cette","9":"tag-de","10":"tag-ecrivent","11":"tag-formels","12":"tag-fr","13":"tag-france","14":"tag-health","15":"tag-intelligentes","16":"tag-les","17":"tag-maniere","18":"tag-personnes","19":"tag-plus","20":"tag-psys","21":"tag-sante","22":"tag-sont","23":"tag-toutes"},"share_on_mastodon":{"url":"https:\/\/pubeurope.com\/@fr\/115582894719616927","error":""},"_links":{"self":[{"href":"https:\/\/www.europesays.com\/fr\/wp-json\/wp\/v2\/posts\/547159","targetHints":{"allow":["GET"]}}],"collection":[{"href":"https:\/\/www.europesays.com\/fr\/wp-json\/wp\/v2\/posts"}],"about":[{"href":"https:\/\/www.europesays.com\/fr\/wp-json\/wp\/v2\/types\/post"}],"author":[{"embeddable":true,"href":"https:\/\/www.europesays.com\/fr\/wp-json\/wp\/v2\/users\/2"}],"replies":[{"embeddable":true,"href":"https:\/\/www.europesays.com\/fr\/wp-json\/wp\/v2\/comments?post=547159"}],"version-history":[{"count":0,"href":"https:\/\/www.europesays.com\/fr\/wp-json\/wp\/v2\/posts\/547159\/revisions"}],"wp:featuredmedia":[{"embeddable":true,"href":"https:\/\/www.europesays.com\/fr\/wp-json\/wp\/v2\/media\/547160"}],"wp:attachment":[{"href":"https:\/\/www.europesays.com\/fr\/wp-json\/wp\/v2\/media?parent=547159"}],"wp:term":[{"taxonomy":"category","embeddable":true,"href":"https:\/\/www.europesays.com\/fr\/wp-json\/wp\/v2\/categories?post=547159"},{"taxonomy":"post_tag","embeddable":true,"href":"https:\/\/www.europesays.com\/fr\/wp-json\/wp\/v2\/tags?post=547159"}],"curies":[{"name":"wp","href":"https:\/\/api.w.org\/{rel}","templated":true}]}}