{"id":547165,"date":"2025-11-20T16:11:12","date_gmt":"2025-11-20T16:11:12","guid":{"rendered":"https:\/\/www.europesays.com\/fr\/547165\/"},"modified":"2025-11-20T16:11:12","modified_gmt":"2025-11-20T16:11:12","slug":"windows-11-rame-en-3d-nvidia-a-une-solution-immediate-microsoft-beaucoup-moins","status":"publish","type":"post","link":"https:\/\/www.europesays.com\/fr\/547165\/","title":{"rendered":"Windows 11 rame en 3D ? NVIDIA a une solution imm\u00e9diate, Microsoft beaucoup moins"},"content":{"rendered":"<p class=\"sc-9e1vpx-0 jVoltE\">Il faut quand m\u00eame reconna\u00eetre que, depuis le d\u00e9ploiement de la mise \u00e0 jour de s\u00e9curit\u00e9 d\u2019octobre, Windows 11 accumule les bugs et Redmond passe plus de temps \u00e0 \u00e9teindre les incendies qu\u2019\u00e0 avancer sur son calendrier habituel.&#13;<\/p>\n<p class=\"sc-9e1vpx-0 jVoltE\">Parmi les soucis les plus p\u00e9nalisant, on pourrait citer celui ayant touch\u00e9 les environnements de d\u00e9veloppement, aux prises avec un dysfonctionnement dans HTTP.sys, avant que Microsoft ne corrige rapidement le probl\u00e8me c\u00f4t\u00e9 serveur. Dans un autre registre, <a href=\"https:\/\/www.clubic.com\/actualite-586042-grosse-frayeur-pour-certains-utilisateurs-de-windows-10-11-apres-la-derniere-mise-a-jour.html\" class=\"un-styled-linked sc-1kr9532-0 iifgJY\" target=\"_blank\" rel=\"noopener\">l\u2019\u00e9cran de r\u00e9cup\u00e9ration BitLocker s\u2019est affich\u00e9 de mani\u00e8re inattendue sur certains PC<\/a>, r\u00e9clamant la cl\u00e9 associ\u00e9e au compte Microsoft, parfois introuvable.&#13;<\/p>\n<p class=\"sc-9e1vpx-0 jVoltE\">On pourrait aussi parler du <a href=\"https:\/\/www.clubic.com\/actualite-583789-windows-11-la-derniere-mise-a-jour-casse-l-outil-qui-permet-de-reparer-windows.html\" class=\"un-styled-linked sc-1kr9532-0 iifgJY\" target=\"_blank\" rel=\"noopener\">comportement erratique de WinRE, alors que la souris et le clavier n\u2019\u00e9taient plus reconnus<\/a>, n\u00e9cessitant le d\u00e9ploiement d\u2019un patch hors calendrier pour r\u00e9tablir l\u2019usage normal de l\u2019outil de r\u00e9cup\u00e9ration.<a href=\"https:\/\/www.clubic.com\/actualite-584434-windows-11-pourquoi-la-preview-a-disparu-de-l-explorateur-de-fichiers.html\" class=\"un-styled-linked sc-1kr9532-0 iifgJY\" target=\"_blank\" rel=\"noopener\"> L\u2019Explorateur a de son c\u00f4t\u00e9 vu son panneau d\u2019aper\u00e7u d\u00e9sactiv\u00e9<\/a> pour les fichiers t\u00e9l\u00e9charg\u00e9s, dans le cadre de mesures de s\u00e9curit\u00e9 renforc\u00e9es.&#13;<\/p>\n<p class=\"sc-9e1vpx-0 jVoltE\">Apr\u00e8s cette succession de probl\u00e8mes et de correctifs, novembre s\u2019est montr\u00e9 un peu plus calme. Quoi qu\u2019il en soit, la p\u00e9riode des f\u00eates approchant, le rythme des mises \u00e0 jour devrait progressivement ralentir, ce qui permettra \u00e0 Microsoft comme aux utilisateurs et utilisatrices de souffler un peu. C\u2019est en tout cas ce qu\u2019on esp\u00e8re.&#13;<\/p>\n","protected":false},"excerpt":{"rendered":"Il faut quand m\u00eame reconna\u00eetre que, depuis le d\u00e9ploiement de la mise \u00e0 jour de s\u00e9curit\u00e9 d\u2019octobre, Windows&hellip;\n","protected":false},"author":2,"featured_media":402348,"comment_status":"","ping_status":"","sticky":false,"template":"","format":"standard","meta":{"footnotes":""},"categories":[7],"tags":[1011,27,43,40,41,39,42,44],"class_list":{"0":"post-547165","1":"post","2":"type-post","3":"status-publish","4":"format-standard","5":"has-post-thumbnail","7":"category-sciences-et-technologies","8":"tag-fr","9":"tag-france","10":"tag-science","11":"tag-science-and-technology","12":"tag-sciences","13":"tag-sciences-et-technologies","14":"tag-technologies","15":"tag-technology"},"share_on_mastodon":{"url":"https:\/\/pubeurope.com\/@fr\/115582906176093079","error":""},"_links":{"self":[{"href":"https:\/\/www.europesays.com\/fr\/wp-json\/wp\/v2\/posts\/547165","targetHints":{"allow":["GET"]}}],"collection":[{"href":"https:\/\/www.europesays.com\/fr\/wp-json\/wp\/v2\/posts"}],"about":[{"href":"https:\/\/www.europesays.com\/fr\/wp-json\/wp\/v2\/types\/post"}],"author":[{"embeddable":true,"href":"https:\/\/www.europesays.com\/fr\/wp-json\/wp\/v2\/users\/2"}],"replies":[{"embeddable":true,"href":"https:\/\/www.europesays.com\/fr\/wp-json\/wp\/v2\/comments?post=547165"}],"version-history":[{"count":0,"href":"https:\/\/www.europesays.com\/fr\/wp-json\/wp\/v2\/posts\/547165\/revisions"}],"wp:featuredmedia":[{"embeddable":true,"href":"https:\/\/www.europesays.com\/fr\/wp-json\/wp\/v2\/media\/402348"}],"wp:attachment":[{"href":"https:\/\/www.europesays.com\/fr\/wp-json\/wp\/v2\/media?parent=547165"}],"wp:term":[{"taxonomy":"category","embeddable":true,"href":"https:\/\/www.europesays.com\/fr\/wp-json\/wp\/v2\/categories?post=547165"},{"taxonomy":"post_tag","embeddable":true,"href":"https:\/\/www.europesays.com\/fr\/wp-json\/wp\/v2\/tags?post=547165"}],"curies":[{"name":"wp","href":"https:\/\/api.w.org\/{rel}","templated":true}]}}