{"id":547168,"date":"2025-11-20T16:13:12","date_gmt":"2025-11-20T16:13:12","guid":{"rendered":"https:\/\/www.europesays.com\/fr\/547168\/"},"modified":"2025-11-20T16:13:12","modified_gmt":"2025-11-20T16:13:12","slug":"donald-trump-va-recevoir-a-la-maison-blanche-son-antagoniste-zohran-mamdani-le-nouveau-maire-de-new-york-liberation","status":"publish","type":"post","link":"https:\/\/www.europesays.com\/fr\/547168\/","title":{"rendered":"Donald Trump va recevoir \u00e0 la Maison Blanche son antagoniste Zohran Mamdani, le nouveau maire de New York \u2013 Lib\u00e9ration"},"content":{"rendered":"<p class=\"sc-cPiKLX AiZTS text-element\">Une rencontre essentiellement symbolique mais qui risque de faire des \u00e9tincelles. Donald Trump recevra vendredi \u00e0 la Maison Blanche son farouche opposant <a href=\"https:\/\/www.liberation.fr\/international\/amerique\/zohran-mamdani-le-favori-a-la-mairie-de-new-york-qui-bouscule-la-gauche-americaine-20251102_NEPWOELZMVEWBD7S74S3YWRC6A\/\" target=\"_blank\" rel=\"noreferrer noopener\" title=\"https:\/\/www.liberation.fr\/international\/amerique\/zohran-mamdani-le-favori-a-la-mairie-de-new-york-qui-bouscule-la-gauche-americaine-20251102_NEPWOELZMVEWBD7S74S3YWRC6A\/\">Zohran Mamdani<\/a>, fra\u00eechement \u00e9lu maire de New York, a fait savoir le pr\u00e9sident am\u00e9ricain mercredi 19 novembre au soir.<\/p>\n<p class=\"sc-cPiKLX AiZTS text-element\">Selon ses dires, c\u2019est le jeune \u00e9lu <a href=\"https:\/\/www.liberation.fr\/international\/amerique\/municipales-a-new-york-zohran-mamdani-incarne-une-gauche-progressiste-mais-en-aucun-cas-radicale-sur-lechelle-francaise-20251104_6BGFUIQJ6FD2PENV6F2A6R2MY4\/\" target=\"_blank\" rel=\"noreferrer noopener\" title=\"https:\/\/www.liberation.fr\/international\/amerique\/municipales-a-new-york-zohran-mamdani-incarne-une-gauche-progressiste-mais-en-aucun-cas-radicale-sur-lechelle-francaise-20251104_6BGFUIQJ6FD2PENV6F2A6R2MY4\/\">issu de l\u2019aile gauche du Parti d\u00e9mocrate<\/a> qui serait \u00e0 l\u2019origine de la rencontre : \u00abLe maire communiste de New York, Zohran \u00abKwame\u00bb Mamdani, a demand\u00e9 \u00e0 ce que l\u2019on se rencontre. Nous avons d\u00e9cid\u00e9 que cette rencontre aura lieu dans le Bureau ovale\u00bb, a \u00e9crit le milliardaire r\u00e9publicain, en \u00e9voquant le deuxi\u00e8me pr\u00e9nom de Zohran Mamdani, hommage \u00e0 la grande figure de la lutte pour l\u2019ind\u00e9pendance au Ghana, Kwame Nkrumah.<\/p>\n<p class=\"sc-cPiKLX AiZTS text-element\">La porte-parole du nouveau maire, Dora Perek, a confirm\u00e9 &#8211; plus sobrement &#8211; l\u2019entrevue \u00e0 venir : \u00abComme il est d\u2019usage pour une nouvelle administration municipale, le maire \u00e9lu pr\u00e9voit de rencontrer le pr\u00e9sident \u00e0 Washington afin d\u2019aborder la s\u00e9curit\u00e9 publique, la s\u00e9curit\u00e9 \u00e9conomique et le programme pour l\u2019accessibilit\u00e9 financi\u00e8re\u00bb.<\/p>\n<p class=\"sc-cPiKLX AiZTS text-element\">Premier candidat \u00e0 la mairie de New York \u00e0 d\u00e9passer le million de voix depuis 1969, Zohran Mamdani a notamment fait campagne en promettant \u00e0 la ville des logements et des services de garderie abordables. Il se pose en figure de r\u00e9sistance face au pr\u00e9sident et <a href=\"https:\/\/www.liberation.fr\/international\/amerique\/municipales-a-new-york-donald-trump-tente-tout-pour-contrer-zohran-mamdani-20251104_ZWISQ5LMHRH2RH7CSN7J6DAILY\/\" target=\"_blank\" rel=\"noreferrer noopener\" title=\"https:\/\/www.liberation.fr\/international\/amerique\/municipales-a-new-york-donald-trump-tente-tout-pour-contrer-zohran-mamdani-20251104_ZWISQ5LMHRH2RH7CSN7J6DAILY\/\">a largement critiqu\u00e9 Donald Trump<\/a> tout au long de sa campagne, l\u2019accusant de \u00abfascisme\u00bb.<\/p>\n<p class=\"sc-cPiKLX AiZTS text-element\">De son c\u00f4t\u00e9, <a href=\"https:\/\/www.liberation.fr\/international\/amerique\/presidentielle-2024-donald-trump-pousse-aux-portes-du-pouvoir-par-une-amerique-nostalgique-20241106_PLLW2JKJMBEMZNS5KEDXNM6QRY\/?redirected=1\" target=\"_blank\" rel=\"noreferrer noopener\" title=\"https:\/\/www.liberation.fr\/international\/amerique\/presidentielle-2024-donald-trump-pousse-aux-portes-du-pouvoir-par-une-amerique-nostalgique-20241106_PLLW2JKJMBEMZNS5KEDXNM6QRY\/?redirected=1\">le pr\u00e9sident a dit aux Am\u00e9ricains<\/a> qu\u2019ils \u00e9taient d\u00e9sormais face \u00e0 un \u00abchoix entre le communisme et le bon sens\u00bb. Le pr\u00e9sident avait m\u00eame menac\u00e9 de r\u00e9duire le financement f\u00e9d\u00e9ral allou\u00e9 \u00e0 la ville de New York si Mamdani \u00e9tait \u00e9lu.<\/p>\n<p class=\"sc-cPiKLX AiZTS text-element\">Mais Mamdani a montr\u00e9 qu\u2019il ne se laissait pas facilement impressionner. \u00abDonald Trump, puisque je sais que vous regardez, et bien : \u00abtendez l\u2019oreille !\u00bb\u00bb, a lanc\u00e9 le jeune homme le soir de son \u00e9lection devant ses partisans enthousiastes. La porte-parole de la Maison Blanche a ensuite confirm\u00e9 que le pr\u00e9sident avait bien regard\u00e9 le discours.<\/p>\n<p class=\"sc-cPiKLX AiZTS text-element\">L\u2019affrontement est-il in\u00e9vitable ? Les deux ont laiss\u00e9 entendre qu\u2019ils pourraient, \u00e0 terme, apaiser les tensions. Tump a affirm\u00e9 vouloir \u00abaider [Mamdani] \u00e0 r\u00e9ussir\u00bb parce qu\u2019il aime New York tout en lui demandant dans un m\u00eame souffle d\u2019\u00eatre \u00abun peu plus respectueux envers Washington\u00bb.<\/p>\n<p class=\"sc-cPiKLX AiZTS text-element\">De son c\u00f4t\u00e9, l\u2019\u00e9lu de gauche sait que ses promesses de campagne (transports en commun gratuits, garde d\u2019enfants universelle, \u00e9piceries municipales), seront difficiles \u00e0 tenir si les financements f\u00e9d\u00e9raux sont coup\u00e9s. \u00abJe reste int\u00e9ress\u00e9 par une conversation avec le pr\u00e9sident Trump sur les moyens de collaborer pour servir les New-Yorkais\u00bb, avait-il dit d\u00e9but novembre.<\/p>\n","protected":false},"excerpt":{"rendered":"Une rencontre essentiellement symbolique mais qui risque de faire des \u00e9tincelles. Donald Trump recevra vendredi \u00e0 la Maison&hellip;\n","protected":false},"author":2,"featured_media":547169,"comment_status":"","ping_status":"","sticky":false,"template":"","format":"standard","meta":{"footnotes":""},"categories":[5],"tags":[11,75,73,1011,27,14,415,12,28,62862],"class_list":{"0":"post-547168","1":"post","2":"type-post","3":"status-publish","4":"format-standard","5":"has-post-thumbnail","7":"category-international","8":"tag-actualites","9":"tag-donald-trump","10":"tag-etats-unis","11":"tag-fr","12":"tag-france","13":"tag-international","14":"tag-new-york","15":"tag-news","16":"tag-world","17":"tag-zohran-mamdani"},"share_on_mastodon":{"url":"https:\/\/pubeurope.com\/@fr\/115582914090082368","error":""},"_links":{"self":[{"href":"https:\/\/www.europesays.com\/fr\/wp-json\/wp\/v2\/posts\/547168","targetHints":{"allow":["GET"]}}],"collection":[{"href":"https:\/\/www.europesays.com\/fr\/wp-json\/wp\/v2\/posts"}],"about":[{"href":"https:\/\/www.europesays.com\/fr\/wp-json\/wp\/v2\/types\/post"}],"author":[{"embeddable":true,"href":"https:\/\/www.europesays.com\/fr\/wp-json\/wp\/v2\/users\/2"}],"replies":[{"embeddable":true,"href":"https:\/\/www.europesays.com\/fr\/wp-json\/wp\/v2\/comments?post=547168"}],"version-history":[{"count":0,"href":"https:\/\/www.europesays.com\/fr\/wp-json\/wp\/v2\/posts\/547168\/revisions"}],"wp:featuredmedia":[{"embeddable":true,"href":"https:\/\/www.europesays.com\/fr\/wp-json\/wp\/v2\/media\/547169"}],"wp:attachment":[{"href":"https:\/\/www.europesays.com\/fr\/wp-json\/wp\/v2\/media?parent=547168"}],"wp:term":[{"taxonomy":"category","embeddable":true,"href":"https:\/\/www.europesays.com\/fr\/wp-json\/wp\/v2\/categories?post=547168"},{"taxonomy":"post_tag","embeddable":true,"href":"https:\/\/www.europesays.com\/fr\/wp-json\/wp\/v2\/tags?post=547168"}],"curies":[{"name":"wp","href":"https:\/\/api.w.org\/{rel}","templated":true}]}}