{"id":547170,"date":"2025-11-20T16:14:11","date_gmt":"2025-11-20T16:14:11","guid":{"rendered":"https:\/\/www.europesays.com\/fr\/547170\/"},"modified":"2025-11-20T16:14:11","modified_gmt":"2025-11-20T16:14:11","slug":"lecole-ce-nest-pas-le-supermarche-repond-le-ministre-aux-parents-qui-refusent-un-enseignant-homme","status":"publish","type":"post","link":"https:\/\/www.europesays.com\/fr\/547170\/","title":{"rendered":"\u00ab\u00a0L\u2019\u00e9cole, ce n\u2019est pas le supermarch\u00e9\u00a0\u00bb, r\u00e9pond le ministre aux parents qui refusent un enseignant homme"},"content":{"rendered":"<p>Les parents ne \u00ab\u00a0craignaient pas de faire vingt-cinq ans de prison\u00a0\u00bb si leur fille leur rapportait avoir \u00e9t\u00e9 en classe avec un professeur masculin. Une menace suffisamment prise au s\u00e9rieux par l\u2019\u00e9tablissement et l\u2019enseignant concern\u00e9 pour d\u00e9poser une plainte.<\/p>\n<p>En soutien au directeur et enseignant d\u2019une \u00e9cole maternelle de <a href=\"https:\/\/www.20minutes.fr\/rennes\/\" target=\"_blank\" class=\"c-link c-link--is-underlined\" rel=\"noopener\">Rennes<\/a>, ses coll\u00e8gues se mettent en gr\u00e8ve vendredi. \u00ab\u00a0Ces menaces \u00e9taient accompagn\u00e9es de propos relevant de <a href=\"https:\/\/www.20minutes.fr\/societe\/4149128-20250417-outrages-sexistes-sexuels-baisse-2024-premiere-depuis-six-ans\" target=\"_blank\" class=\"c-link c-link--is-underlined\" rel=\"noopener\">l\u2019outrage sexiste<\/a>, de la diffamation et du m\u00e9pris\u00a0\u00bb, \u00e9crivent des membres de l\u2019\u00e9quipe \u00e9ducative dans un tract que l\u2019AFP a pu consulter.<\/p>\n<p>Selon des sources syndicales, <a href=\"https:\/\/www.20minutes.fr\/faits_divers\/faits-divers-rennes\/4186568-20251119-rennes-parents-refusent-homme-enseigne-fille-menacent-mort-ecole-met-greve\" target=\"_blank\" class=\"c-link c-link--is-underlined\" rel=\"noopener\">les parents refusaient qu\u2019un homme<\/a>, le directeur en l\u2019occurrence, puisse enseigner \u00e0 leur fille et demandaient \u00e0 ce qu\u2019elle change de classe pour b\u00e9n\u00e9ficier d\u2019un encadrement strictement f\u00e9minin.<\/p>\n<p>Pas de motif religieux<\/p>\n<p>\u00ab\u00a0En l\u2019occurrence, ce n\u2019est pas un motif religieux\u00a0\u00bb, a assur\u00e9 \u00e0 des journalistes le <a href=\"https:\/\/www.20minutes.fr\/politique\/4179257-20251015-gouvernement-lecornu-ii-edouard-geffray-nouveau-ministre-education-bras-honneur-selon-syndicats\" target=\"_blank\" class=\"c-link c-link--is-underlined\" rel=\"noopener\">ministre de l\u2019Education<\/a>, Edouard Geffray, en marge d\u2019un d\u00e9placement dans une \u00e9cole de Villeurbanne (<a href=\"https:\/\/www.20minutes.fr\/dossier\/rhone\" target=\"_blank\" class=\"c-link c-link--is-underlined\" rel=\"noopener\">Rh\u00f4ne<\/a>).<\/p>\n<\/p>\n<p>\u00ab\u00a0Le directeur d\u2019\u00e9cole avait raison. Il a donc tout mon soutien et tout le soutien de l\u2019institution\u00a0\u00bb, a r\u00e9agi le ministre. \u00ab\u00a0L\u2019\u00e9cole, ce n\u2019est pas le supermarch\u00e9 des revendications individuelles. Donc on ne peut pas avoir des gens qui, en arrivant \u00e0 l\u2019\u00e9cole, veulent ceci ou veulent cela [\u2026] L\u2019\u00e9cole de la R\u00e9publique, c\u2019est la m\u00eame pour tous et c\u2019est sa force\u00a0\u00bb, a-t-il d\u00e9clar\u00e9.<\/p>\n<p>Aucune des sources interrog\u00e9es par l\u2019AFP n\u2019\u00e9tait en mesure de se prononcer sur les raisons de cette demande. Choqu\u00e9, l\u2019enseignant est en arr\u00eat de travail depuis lors.<\/p>\n","protected":false},"excerpt":{"rendered":"Les parents ne \u00ab\u00a0craignaient pas de faire vingt-cinq ans de prison\u00a0\u00bb si leur fille leur rapportait avoir \u00e9t\u00e9&hellip;\n","protected":false},"author":2,"featured_media":547171,"comment_status":"","ping_status":"","sticky":false,"template":"","format":"standard","meta":{"footnotes":""},"categories":[4],"tags":[47,11,829,1122,6688,1736,7641,1011,27,848,7775,3784,12,584,25,3667,104],"class_list":{"0":"post-547170","1":"post","2":"type-post","3":"status-publish","4":"format-standard","5":"has-post-thumbnail","7":"category-france","8":"tag-actualite","9":"tag-actualites","10":"tag-bretagne","11":"tag-ecole","12":"tag-ecole-maternelle","13":"tag-enseignant","14":"tag-faits-divers-rennes","15":"tag-fr","16":"tag-france","17":"tag-ille-et-vilaine","18":"tag-menaces-de-mort","19":"tag-ministre","20":"tag-news","21":"tag-rennes","22":"tag-republique-francaise","23":"tag-sexisme","24":"tag-societe"},"share_on_mastodon":{"url":"https:\/\/pubeurope.com\/@fr\/115582918016456658","error":""},"_links":{"self":[{"href":"https:\/\/www.europesays.com\/fr\/wp-json\/wp\/v2\/posts\/547170","targetHints":{"allow":["GET"]}}],"collection":[{"href":"https:\/\/www.europesays.com\/fr\/wp-json\/wp\/v2\/posts"}],"about":[{"href":"https:\/\/www.europesays.com\/fr\/wp-json\/wp\/v2\/types\/post"}],"author":[{"embeddable":true,"href":"https:\/\/www.europesays.com\/fr\/wp-json\/wp\/v2\/users\/2"}],"replies":[{"embeddable":true,"href":"https:\/\/www.europesays.com\/fr\/wp-json\/wp\/v2\/comments?post=547170"}],"version-history":[{"count":0,"href":"https:\/\/www.europesays.com\/fr\/wp-json\/wp\/v2\/posts\/547170\/revisions"}],"wp:featuredmedia":[{"embeddable":true,"href":"https:\/\/www.europesays.com\/fr\/wp-json\/wp\/v2\/media\/547171"}],"wp:attachment":[{"href":"https:\/\/www.europesays.com\/fr\/wp-json\/wp\/v2\/media?parent=547170"}],"wp:term":[{"taxonomy":"category","embeddable":true,"href":"https:\/\/www.europesays.com\/fr\/wp-json\/wp\/v2\/categories?post=547170"},{"taxonomy":"post_tag","embeddable":true,"href":"https:\/\/www.europesays.com\/fr\/wp-json\/wp\/v2\/tags?post=547170"}],"curies":[{"name":"wp","href":"https:\/\/api.w.org\/{rel}","templated":true}]}}