{"id":547178,"date":"2025-11-20T16:18:14","date_gmt":"2025-11-20T16:18:14","guid":{"rendered":"https:\/\/www.europesays.com\/fr\/547178\/"},"modified":"2025-11-20T16:18:14","modified_gmt":"2025-11-20T16:18:14","slug":"chavigny-chavirire-2025-lannee-des-records","status":"publish","type":"post","link":"https:\/\/www.europesays.com\/fr\/547178\/","title":{"rendered":"Chavigny. Chavi\u2019rire, 2025 l\u2019ann\u00e9e des records"},"content":{"rendered":"<p>Le festival Chavi\u2019rire vient de baisser le rideau\u00a0! Pour cette 10e\u00a0 \u00e9dition, la pr\u00e9sidente du comit\u00e9 des f\u00eates de Chavigny, Brigitte Champagne, est vraiment satisfaite\u00a0: \u00ab\u00a02025 est l\u2019ann\u00e9e des records avec pr\u00e8s de 500 spectateurs sur les deux week-ends, le stand-up et la pi\u00e8ce enfants\u00a0; les pi\u00e8ces de th\u00e9\u00e2tre ont provoqu\u00e9 des fous rires dans la salle Chardin, et m\u00eame sur sc\u00e8ne\u2026 quant \u00e0 L\u2019espace (les voyages de Couac), petits et grands ont \u00e9t\u00e9 emport\u00e9s par la magie de Couac. \u00bb<\/p>\n<p>Prochain \u00e9v\u00e9nement organis\u00e9 par l\u2019\u00e9quipe du comit\u00e9 des f\u00eates\u00a0: le repas dansant le samedi 7\u00a0f\u00e9vrier\u00a02026.<\/p>\n","protected":false},"excerpt":{"rendered":"Le festival Chavi\u2019rire vient de baisser le rideau\u00a0! Pour cette 10e\u00a0 \u00e9dition, la pr\u00e9sidente du comit\u00e9 des f\u00eates&hellip;\n","protected":false},"author":2,"featured_media":547179,"comment_status":"","ping_status":"","sticky":false,"template":"","format":"standard","meta":{"footnotes":""},"categories":[9635],"tags":[1111,11,9848,36717,1687,1704,1777,674,1011,27,775,1702,12,25,3140],"class_list":{"0":"post-547178","1":"post","2":"type-post","3":"status-publish","4":"format-standard","5":"has-post-thumbnail","7":"category-nancy","8":"tag-actu","9":"tag-actualites","10":"tag-cc-moselle-et-madon-54b","11":"tag-chavigny","12":"tag-culture-loisirs","13":"tag-edition-nancy-et-agglomeration","14":"tag-eu","15":"tag-europe","16":"tag-fr","17":"tag-france","18":"tag-grand-est","19":"tag-nancy","20":"tag-news","21":"tag-republique-francaise","22":"tag-spectacle"},"share_on_mastodon":{"url":"https:\/\/pubeurope.com\/@fr\/115582933691769168","error":""},"_links":{"self":[{"href":"https:\/\/www.europesays.com\/fr\/wp-json\/wp\/v2\/posts\/547178","targetHints":{"allow":["GET"]}}],"collection":[{"href":"https:\/\/www.europesays.com\/fr\/wp-json\/wp\/v2\/posts"}],"about":[{"href":"https:\/\/www.europesays.com\/fr\/wp-json\/wp\/v2\/types\/post"}],"author":[{"embeddable":true,"href":"https:\/\/www.europesays.com\/fr\/wp-json\/wp\/v2\/users\/2"}],"replies":[{"embeddable":true,"href":"https:\/\/www.europesays.com\/fr\/wp-json\/wp\/v2\/comments?post=547178"}],"version-history":[{"count":0,"href":"https:\/\/www.europesays.com\/fr\/wp-json\/wp\/v2\/posts\/547178\/revisions"}],"wp:featuredmedia":[{"embeddable":true,"href":"https:\/\/www.europesays.com\/fr\/wp-json\/wp\/v2\/media\/547179"}],"wp:attachment":[{"href":"https:\/\/www.europesays.com\/fr\/wp-json\/wp\/v2\/media?parent=547178"}],"wp:term":[{"taxonomy":"category","embeddable":true,"href":"https:\/\/www.europesays.com\/fr\/wp-json\/wp\/v2\/categories?post=547178"},{"taxonomy":"post_tag","embeddable":true,"href":"https:\/\/www.europesays.com\/fr\/wp-json\/wp\/v2\/tags?post=547178"}],"curies":[{"name":"wp","href":"https:\/\/api.w.org\/{rel}","templated":true}]}}