{"id":54718,"date":"2025-04-26T15:43:24","date_gmt":"2025-04-26T15:43:24","guid":{"rendered":"https:\/\/www.europesays.com\/fr\/54718\/"},"modified":"2025-04-26T15:43:24","modified_gmt":"2025-04-26T15:43:24","slug":"lyon-mertensia-le-potager-du-6e-avec-vue-sur-mer","status":"publish","type":"post","link":"https:\/\/www.europesays.com\/fr\/54718\/","title":{"rendered":"Lyon. Mertensia, le potager du 6e \u2026 avec vue sur mer"},"content":{"rendered":"<p>                     Quand le chef Flavien Guarato d\u00e9cide de choisir comme nom de son restaurant Mertensia , ce n\u2019est pas par hasard. Cette jolie plante comestible et gastronomique est\u00a0aussi appel\u00e9e \u201chu\u00eetre potag\u00e8re\u201d pour son go\u00fbt iod\u00e9 semblable \u00e0 l\u2019hu\u00eetre. Bingo. Voil\u00e0 comment r\u00e9sumer en un seul mot, l\u2019esprit de cette nouvelle adresse. Depuis f\u00e9vrier, celui qui a \u00e9t\u00e9 plusieurs ann\u00e9es le second du meilleur restaurant v\u00e9g\u00e9tarien du monde (Culina Hortus \u00e0 Lyon), propose donc \u00e0 Mertensia , sans surprise, une belle gastronomie sur une base\u2026 eh bien, v\u00e9g\u00e9tarienne\u00a0! Mais pas que. <\/p>\n<p>\u00ab\u00a0J\u2019en ai r\u00eav\u00e9 de ce premier restaurant. D\u00e9j\u00e0, j\u2019avais des grands-parents agriculteurs et j\u2019ai vraiment \u00e9norm\u00e9ment appris en cuisinant le v\u00e9g\u00e9tal, avec Adrien Zedda. En termes de saveurs, d\u2019associations\u2026 je ne reviendrai jamais en arri\u00e8re, m\u00eame si je suis un gros mangeur de&#8230;<\/p>\n","protected":false},"excerpt":{"rendered":"Quand le chef Flavien Guarato d\u00e9cide de choisir comme nom de son restaurant Mertensia , ce n\u2019est pas&hellip;\n","protected":false},"author":2,"featured_media":54719,"comment_status":"","ping_status":"","sticky":false,"template":"","format":"standard","meta":{"footnotes":""},"categories":[1889],"tags":[1111,11,2430,4406,130,1687,33,2757,1777,674,1011,27,2428,14926,2802,6016,12,25,2429],"class_list":{"0":"post-54718","1":"post","2":"type-post","3":"status-publish","4":"format-standard","5":"has-post-thumbnail","7":"category-lyon","8":"tag-actu","9":"tag-actualites","10":"tag-auvergne-rhone-alpes","11":"tag-commerce-et-services","12":"tag-consommation","13":"tag-culture-loisirs","14":"tag-economie","15":"tag-edition-lyon-villeurbanne","16":"tag-eu","17":"tag-europe","18":"tag-fr","19":"tag-france","20":"tag-lyon","21":"tag-lyon-6e","22":"tag-lyon-6e-arrondissement","23":"tag-magazine-cuisine-et-vins","24":"tag-news","25":"tag-republique-francaise","26":"tag-rhone"},"share_on_mastodon":{"url":"https:\/\/pubeurope.com\/@fr\/114405035432399526","error":""},"_links":{"self":[{"href":"https:\/\/www.europesays.com\/fr\/wp-json\/wp\/v2\/posts\/54718","targetHints":{"allow":["GET"]}}],"collection":[{"href":"https:\/\/www.europesays.com\/fr\/wp-json\/wp\/v2\/posts"}],"about":[{"href":"https:\/\/www.europesays.com\/fr\/wp-json\/wp\/v2\/types\/post"}],"author":[{"embeddable":true,"href":"https:\/\/www.europesays.com\/fr\/wp-json\/wp\/v2\/users\/2"}],"replies":[{"embeddable":true,"href":"https:\/\/www.europesays.com\/fr\/wp-json\/wp\/v2\/comments?post=54718"}],"version-history":[{"count":0,"href":"https:\/\/www.europesays.com\/fr\/wp-json\/wp\/v2\/posts\/54718\/revisions"}],"wp:featuredmedia":[{"embeddable":true,"href":"https:\/\/www.europesays.com\/fr\/wp-json\/wp\/v2\/media\/54719"}],"wp:attachment":[{"href":"https:\/\/www.europesays.com\/fr\/wp-json\/wp\/v2\/media?parent=54718"}],"wp:term":[{"taxonomy":"category","embeddable":true,"href":"https:\/\/www.europesays.com\/fr\/wp-json\/wp\/v2\/categories?post=54718"},{"taxonomy":"post_tag","embeddable":true,"href":"https:\/\/www.europesays.com\/fr\/wp-json\/wp\/v2\/tags?post=54718"}],"curies":[{"name":"wp","href":"https:\/\/api.w.org\/{rel}","templated":true}]}}