{"id":547180,"date":"2025-11-20T16:19:13","date_gmt":"2025-11-20T16:19:13","guid":{"rendered":"https:\/\/www.europesays.com\/fr\/547180\/"},"modified":"2025-11-20T16:19:13","modified_gmt":"2025-11-20T16:19:13","slug":"voici-les-tarifs-si-vous-restez-plus-longtemps","status":"publish","type":"post","link":"https:\/\/www.europesays.com\/fr\/547180\/","title":{"rendered":"voici les tarifs si vous restez plus longtemps"},"content":{"rendered":"<p>                    Par<br \/>\n        <strong><br \/>\n            <a href=\"https:\/\/actu.fr\/auteur\/pierre-emile-bouchy-actu-fr\" title=\"Consulter tous les articles de Paul-Emile Bouchy\" rel=\"nofollow noopener\" target=\"_blank\">Paul-Emile Bouchy<\/a><br \/>\n                    <\/strong><\/p>\n<p>        Publi\u00e9 le<\/p>\n<p>            20 nov. 2025 \u00e0 17h07        <\/p>\n<p>Cela \u00e9tait d\u00e9j\u00e0 dans les tuyaux depuis octobre 2023 : la direction du supermarch\u00e9 <a href=\"https:\/\/actu.fr\/tag\/auchan\" rel=\"nofollow noopener\" target=\"_blank\">Auchan<\/a> Lobau \u00e0 Nancy avait \u00e9mis <a href=\"https:\/\/actu.fr\/grand-est\/nancy_54395\/nancy-pourquoi-le-directeur-d-auchan-lobau-veut-installer-des-barrieres-sur-le-parking_60197444.html\" rel=\"nofollow noopener\" target=\"_blank\">sa volont\u00e9 d\u2019installer des barri\u00e8res sur son parking<\/a> face aux voitures ventouses.<\/p>\n<p class=\" wall-content\">Apr\u00e8s plusieurs semaines de travaux, <a href=\"https:\/\/actu.fr\/grand-est\/nancy_54395\/nancy-face-aux-voitures-ventouses-le-parking-de-ce-supermarche-auchan-va-etre-equipe-de-barrieres_63331856.html\" rel=\"nofollow noopener\" target=\"_blank\">le parking a \u00e9t\u00e9 \u00e9quip\u00e9 de barri\u00e8res<\/a>. <strong>Sans ticket mais uniquement gr\u00e2ce \u00e0 la lecture automatique des plaques d\u2019immatriculation<\/strong>, le dispositif permet de calculer le temps de stationnement de chaque v\u00e9hicule et offre <strong>1h30 de stationnement gratuit<\/strong>.<\/p>\n<p class=\" wall-content\">On fait le point sur les <strong>tarifs<\/strong> si vous restez gar\u00e9s plus longtemps.<\/p>\n<p>20\u00a0euros pour se garer une journ\u00e9e sur le parking d\u2019Auchan<\/p>\n<p class=\" wall-content\">La grille tarifaire du parking g\u00e9r\u00e9e d\u00e9sormais par Zenpark est visible \u00e0 l\u2019entr\u00e9e. <strong>Voici les tarifs<\/strong>\u2009:<\/p>\n<ul class=\" wall-content\">\n<li>1h30\u2009: gratuit<\/li>\n<li>de 1h30 \u00e0 3\u00a0heures\u2009: 0,70 \u20ac par 15\u00a0minutes<\/li>\n<li>2\u00a0heures\u2009: 2,10\u00a0\u20ac<\/li>\n<li>de 3\u00a0heures \u00e0 6\u00a0heures\u2009: 0,40 \u20ac par 15\u00a0minutes<\/li>\n<li>3\u00a0heures\u2009: 4,90\u00a0\u20ac<\/li>\n<li>4\u00a0heures\u2009: 6,50\u00a0\u20ac<\/li>\n<li>de 6\u00a0heures \u00e0 24\u00a0heures\u2009: 0,20 \u20ac par 15\u00a0minutes<\/li>\n<li>Forfait 24\u00a0heures\u2009: 20\u00a0\u20ac<\/li>\n<li>Suppl\u00e9ment par jour\u2009: 15\u00a0\u20ac<\/li>\n<\/ul>\n<p class=\" wall-content\">Le paiement se fait directement \u00e0 la sortie, au niveau des barri\u00e8res, par carte bancaire.<\/p>\n<p>Plus de temps pour se garer gratuitement chez certains commer\u00e7ants<\/p>\n<p class=\" wall-content\">Outre le supermarch\u00e9 Auchan, la galerie commerciale accueille d\u2019autres commer\u00e7ants et services chez qui les clients peuvent rester plus d\u20191h30\u2009: coiffeurs, restaurateurs, laboratoire.<\/p>\n<p>Votre r\u00e9gion, votre actu !<\/p>\n<p>Recevez chaque jour les infos qui comptent pour vous.<\/p>\n<p>\t<a href=\"https:\/\/actu.fr\/newsletter\" class=\"ac-btn ac-btn--corner ac-btn--medium ac-btn--blue800\" rel=\"nofollow noopener\" target=\"_blank\">S&rsquo;incrire<\/a><\/p>\n<p class=\" wall-content\">Pour \u00e9viter de payer, leurs clients peuvent <strong>b\u00e9n\u00e9ficier d\u2019une heure suppl\u00e9mentaire gratuite<\/strong> \u00e0 l\u2019aide d\u2019un QR code fourni par le commer\u00e7ant.<\/p>\n<p class=\" wall-content\">Pour les clients du <a href=\"https:\/\/actu.fr\/grand-est\/nancy_54395\/tres-connu-a-nancy-tony-vigilanti-rouvre-un-restaurant-avec-son-fils-et-mise-sur-un-nouveau-concept_60798000.html\" rel=\"nofollow noopener\" target=\"_blank\">restaurant italien Ciao Tutti<\/a>, <strong>le stationnement est gratuit sans limite de temps le midi et le soir<\/strong>.<\/p>\n<p class=\" wall-content\">Personnalisez votre actualit\u00e9 en ajoutant vos villes et m\u00e9dias en favori avec <a href=\"https:\/\/moncompte.actu.fr\" title=\"D\u00e9couvez Mon Actu\" rel=\"nofollow noopener\" data-trk=\"{&quot;cta&quot;:{&quot;action&quot;:&quot;https:\\\/\\\/moncompte.actu.fr&quot;,&quot;category&quot;:&quot;mon compte&quot;,&quot;from&quot;:&quot;article footer&quot;,&quot;name&quot;:&quot;Mon actu&quot;,&quot;type&quot;:&quot;cta&quot;}}\" target=\"_blank\">Mon Actu<\/a>.<\/p>\n","protected":false},"excerpt":{"rendered":"Par Paul-Emile Bouchy Publi\u00e9 le 20 nov. 2025 \u00e0 17h07 Cela \u00e9tait d\u00e9j\u00e0 dans les tuyaux depuis octobre&hellip;\n","protected":false},"author":2,"featured_media":547181,"comment_status":"","ping_status":"","sticky":false,"template":"","format":"standard","meta":{"footnotes":""},"categories":[9635],"tags":[1111,11,14474,1777,674,1011,27,775,1702,12,25,104,6173],"class_list":{"0":"post-547180","1":"post","2":"type-post","3":"status-publish","4":"format-standard","5":"has-post-thumbnail","7":"category-nancy","8":"tag-actu","9":"tag-actualites","10":"tag-auchan","11":"tag-eu","12":"tag-europe","13":"tag-fr","14":"tag-france","15":"tag-grand-est","16":"tag-nancy","17":"tag-news","18":"tag-republique-francaise","19":"tag-societe","20":"tag-stationnement"},"share_on_mastodon":{"url":"https:\/\/pubeurope.com\/@fr\/115582937632376155","error":""},"_links":{"self":[{"href":"https:\/\/www.europesays.com\/fr\/wp-json\/wp\/v2\/posts\/547180","targetHints":{"allow":["GET"]}}],"collection":[{"href":"https:\/\/www.europesays.com\/fr\/wp-json\/wp\/v2\/posts"}],"about":[{"href":"https:\/\/www.europesays.com\/fr\/wp-json\/wp\/v2\/types\/post"}],"author":[{"embeddable":true,"href":"https:\/\/www.europesays.com\/fr\/wp-json\/wp\/v2\/users\/2"}],"replies":[{"embeddable":true,"href":"https:\/\/www.europesays.com\/fr\/wp-json\/wp\/v2\/comments?post=547180"}],"version-history":[{"count":0,"href":"https:\/\/www.europesays.com\/fr\/wp-json\/wp\/v2\/posts\/547180\/revisions"}],"wp:featuredmedia":[{"embeddable":true,"href":"https:\/\/www.europesays.com\/fr\/wp-json\/wp\/v2\/media\/547181"}],"wp:attachment":[{"href":"https:\/\/www.europesays.com\/fr\/wp-json\/wp\/v2\/media?parent=547180"}],"wp:term":[{"taxonomy":"category","embeddable":true,"href":"https:\/\/www.europesays.com\/fr\/wp-json\/wp\/v2\/categories?post=547180"},{"taxonomy":"post_tag","embeddable":true,"href":"https:\/\/www.europesays.com\/fr\/wp-json\/wp\/v2\/tags?post=547180"}],"curies":[{"name":"wp","href":"https:\/\/api.w.org\/{rel}","templated":true}]}}