{"id":547190,"date":"2025-11-20T16:24:11","date_gmt":"2025-11-20T16:24:11","guid":{"rendered":"https:\/\/www.europesays.com\/fr\/547190\/"},"modified":"2025-11-20T16:24:11","modified_gmt":"2025-11-20T16:24:11","slug":"a-quoi-sattendre-dans-les-prochaines-heures-en-seine-maritime","status":"publish","type":"post","link":"https:\/\/www.europesays.com\/fr\/547190\/","title":{"rendered":"\u00e0 quoi s&rsquo;attendre dans les prochaines heures en Seine-Maritime"},"content":{"rendered":"<p melodystyle=\"texte\" data-end=\"562\">Le temps froid et instable va se poursuivre dans ces prochaines heures en Seine-Maritime. M\u00e9t\u00e9o France place le d\u00e9partement en vigilance jaune neige-verglas de ce jeudi 20\u00a0novembre \u00e0 20h \u00e0 vendredi 10h. Un refroidissement nocturne et l&rsquo;arriv\u00e9e de giboul\u00e9es pourraient compliquer certains d\u00e9placements.<\/p>\n<p>Un risque de gel\u00e9es d\u00e8s ce jeudi soir<\/p>\n<p melodystyle=\"texte\" data-end=\"1010\">D\u00e8s ce jeudi soir, l&rsquo;air froid en altitude, un vent affaibli et des \u00e9claircies nocturnes favoriseront une baisse marqu\u00e9e des temp\u00e9ratures. Les secteurs du pays de Caux, du pays de Bray, de l&rsquo;Inter Caux-Vexin, des hauteurs de Rouen et des zones proches de la Seine seront les plus expos\u00e9s.<br data-end=\"927\"\/>Le thermom\u00e8tre pourrait descendre jusqu&rsquo;\u00e0 0\u00b0C, voire -1\u00b0C par endroits. \u00ab\u00a0Ces conditions r\u00e9unies augmentent le risque de gel\u00e9es, notamment sur les routes et trottoirs humides\u00a0\u00bb, indique Beno\u00eet Morel, sp\u00e9cialiste m\u00e9t\u00e9o de la Seine-Maritime. Les chauss\u00e9es pourraient ainsi devenir glissantes en soir\u00e9e comme en d\u00e9but de nuit.<\/p>\n<p>Des giboul\u00e9es localis\u00e9es \u00e0 l&rsquo;ouest du d\u00e9partement<\/p>\n<p melodystyle=\"texte\" data-end=\"1655\">Sur l&rsquo;extr\u00eame ouest &#8211; agglom\u00e9ration du\u00a0Havre et ouest de la c\u00f4te d&rsquo;Alb\u00e2tre &#8211; quelques giboul\u00e9es isol\u00e9es sont possibles d&rsquo;ici la fin de journ\u00e9e. Elles pourraient donner de la pluie m\u00eal\u00e9e de neige ou du gr\u00e9sil, sous un ciel alternant entre nuages et \u00e9claircies avant l&rsquo;arriv\u00e9e de davantage de nuages ce soir.<\/p>\n<p>Un renforcement des pr\u00e9cipitations vendredi matin<\/p>\n<p melodystyle=\"texte\" data-end=\"1955\">Le ph\u00e9nom\u00e8ne devrait s&rsquo;intensifier en fin de nuit de vendredi et dans la matin\u00e9e, avec des giboul\u00e9es plus fr\u00e9quentes sur le d\u00e9partement. Pluie et neige m\u00eal\u00e9es, gr\u00eale et ponctuellement averses de neige seule sont attendues. Ces pr\u00e9cipitations pourraient blanchir localement les collines et plateaux du pays de Caux, du pays de Bray, de l&rsquo;Inter Caux-Vexin et des hauteurs de Rouen. La prudence sera de mise, notamment lors des d\u00e9placements du d\u00e9but de journ\u00e9e.<\/p>\n","protected":false},"excerpt":{"rendered":"Le temps froid et instable va se poursuivre dans ces prochaines heures en Seine-Maritime. M\u00e9t\u00e9o France place le&hellip;\n","protected":false},"author":2,"featured_media":547191,"comment_status":"","ping_status":"","sticky":false,"template":"","format":"standard","meta":{"footnotes":""},"categories":[9587],"tags":[1111,11,1777,674,1011,27,12,5161,25,9590],"class_list":{"0":"post-547190","1":"post","2":"type-post","3":"status-publish","4":"format-standard","5":"has-post-thumbnail","7":"category-rouen","8":"tag-actu","9":"tag-actualites","10":"tag-eu","11":"tag-europe","12":"tag-fr","13":"tag-france","14":"tag-news","15":"tag-normandie","16":"tag-republique-francaise","17":"tag-rouen"},"share_on_mastodon":{"url":"","error":""},"_links":{"self":[{"href":"https:\/\/www.europesays.com\/fr\/wp-json\/wp\/v2\/posts\/547190","targetHints":{"allow":["GET"]}}],"collection":[{"href":"https:\/\/www.europesays.com\/fr\/wp-json\/wp\/v2\/posts"}],"about":[{"href":"https:\/\/www.europesays.com\/fr\/wp-json\/wp\/v2\/types\/post"}],"author":[{"embeddable":true,"href":"https:\/\/www.europesays.com\/fr\/wp-json\/wp\/v2\/users\/2"}],"replies":[{"embeddable":true,"href":"https:\/\/www.europesays.com\/fr\/wp-json\/wp\/v2\/comments?post=547190"}],"version-history":[{"count":0,"href":"https:\/\/www.europesays.com\/fr\/wp-json\/wp\/v2\/posts\/547190\/revisions"}],"wp:featuredmedia":[{"embeddable":true,"href":"https:\/\/www.europesays.com\/fr\/wp-json\/wp\/v2\/media\/547191"}],"wp:attachment":[{"href":"https:\/\/www.europesays.com\/fr\/wp-json\/wp\/v2\/media?parent=547190"}],"wp:term":[{"taxonomy":"category","embeddable":true,"href":"https:\/\/www.europesays.com\/fr\/wp-json\/wp\/v2\/categories?post=547190"},{"taxonomy":"post_tag","embeddable":true,"href":"https:\/\/www.europesays.com\/fr\/wp-json\/wp\/v2\/tags?post=547190"}],"curies":[{"name":"wp","href":"https:\/\/api.w.org\/{rel}","templated":true}]}}