{"id":547192,"date":"2025-11-20T16:25:14","date_gmt":"2025-11-20T16:25:14","guid":{"rendered":"https:\/\/www.europesays.com\/fr\/547192\/"},"modified":"2025-11-20T16:25:14","modified_gmt":"2025-11-20T16:25:14","slug":"rencontre-avec-lautrice-laura-poggioli","status":"publish","type":"post","link":"https:\/\/www.europesays.com\/fr\/547192\/","title":{"rendered":"Rencontre avec l&rsquo;autrice Laura Poggioli"},"content":{"rendered":"\n<p>         Th\u00e8me d\u2019actualit\u00e9\u00a0:\u00a0       <\/p>\n<p>La biblioth\u00e8que Parment propose un rendez-vous avec une autrice en chair et en os ce samedi 22 novembre 2025 de 14h \u00e0 16h (gratuit sur inscription) : Laura Poggioli, qui publie le roman f\u00e9roce \u00ab\u00a0Epoque\u00a0\u00bb, paru en janvier aux \u00e9ditions L&rsquo;Iconoclaste.<\/p>\n<p>Dans\u00a0\u00ab\u00a0Epoque\u00a0\u00bb, Laura Poggioli explore l\u2019adolescence\u00a0sous l&rsquo;angle de la\u00a0relation entre les jeunes et les \u00e9crans. L&rsquo;addiction et le harc\u00e8lement num\u00e9riques sont au coeur du livre. Un roman lucide sur les d\u00e9rives de notre \u00e8re hyperconnect\u00e9e.<\/p>\n<p><strong>L&rsquo;histoire.\u00a0<\/strong>Dans un service d&rsquo;addictologie, Lara accompagne l&rsquo;\u00e9quipe qui soigne des adolescents drogu\u00e9s aux \u00e9crans. Il y a Julien, un coll\u00e9gien d\u00e9scolaris\u00e9 depuis trois ans, Lou, neuf ans, qui passe ses nuits sur son portable, ou Stefania, t\u00e9tanis\u00e9e \u00e0 l&rsquo;id\u00e9e de sortir de chez elle&#8230;\u00a0<\/p>\n<p><strong><a href=\"http:\/\/bibliotheques.rouen.fr\/agenda\/epoque\" class=\"elf-external elf-icon\" rel=\"nofollow noopener\" target=\"_blank\">S&rsquo;inscrire sur le site de Rouen Biblioth\u00e8ques pour participer \u00e0 la rencontre avec Laura Poggioli<\/a><\/strong><\/p>\n<p><img decoding=\"async\" alt=\"81-d5gjq6ql._sl1500_.jpg\" src=\"https:\/\/www.europesays.com\/fr\/wp-content\/uploads\/2025\/11\/81-d5gjq6ql._sl1500_.jpg\"\/><\/p>\n","protected":false},"excerpt":{"rendered":"Th\u00e8me d\u2019actualit\u00e9\u00a0:\u00a0 La biblioth\u00e8que Parment propose un rendez-vous avec une autrice en chair et en os ce samedi&hellip;\n","protected":false},"author":2,"featured_media":547193,"comment_status":"","ping_status":"","sticky":false,"template":"","format":"standard","meta":{"footnotes":""},"categories":[9587],"tags":[1111,11,1777,674,1011,27,12,5161,25,9590],"class_list":{"0":"post-547192","1":"post","2":"type-post","3":"status-publish","4":"format-standard","5":"has-post-thumbnail","7":"category-rouen","8":"tag-actu","9":"tag-actualites","10":"tag-eu","11":"tag-europe","12":"tag-fr","13":"tag-france","14":"tag-news","15":"tag-normandie","16":"tag-republique-francaise","17":"tag-rouen"},"share_on_mastodon":{"url":"","error":""},"_links":{"self":[{"href":"https:\/\/www.europesays.com\/fr\/wp-json\/wp\/v2\/posts\/547192","targetHints":{"allow":["GET"]}}],"collection":[{"href":"https:\/\/www.europesays.com\/fr\/wp-json\/wp\/v2\/posts"}],"about":[{"href":"https:\/\/www.europesays.com\/fr\/wp-json\/wp\/v2\/types\/post"}],"author":[{"embeddable":true,"href":"https:\/\/www.europesays.com\/fr\/wp-json\/wp\/v2\/users\/2"}],"replies":[{"embeddable":true,"href":"https:\/\/www.europesays.com\/fr\/wp-json\/wp\/v2\/comments?post=547192"}],"version-history":[{"count":0,"href":"https:\/\/www.europesays.com\/fr\/wp-json\/wp\/v2\/posts\/547192\/revisions"}],"wp:featuredmedia":[{"embeddable":true,"href":"https:\/\/www.europesays.com\/fr\/wp-json\/wp\/v2\/media\/547193"}],"wp:attachment":[{"href":"https:\/\/www.europesays.com\/fr\/wp-json\/wp\/v2\/media?parent=547192"}],"wp:term":[{"taxonomy":"category","embeddable":true,"href":"https:\/\/www.europesays.com\/fr\/wp-json\/wp\/v2\/categories?post=547192"},{"taxonomy":"post_tag","embeddable":true,"href":"https:\/\/www.europesays.com\/fr\/wp-json\/wp\/v2\/tags?post=547192"}],"curies":[{"name":"wp","href":"https:\/\/api.w.org\/{rel}","templated":true}]}}