{"id":547198,"date":"2025-11-20T16:28:30","date_gmt":"2025-11-20T16:28:30","guid":{"rendered":"https:\/\/www.europesays.com\/fr\/547198\/"},"modified":"2025-11-20T16:28:30","modified_gmt":"2025-11-20T16:28:30","slug":"en-images-neige-normandie-bretagne-nord-des-flocons-sont-tombes-en-plaine-2","status":"publish","type":"post","link":"https:\/\/www.europesays.com\/fr\/547198\/","title":{"rendered":"EN IMAGES. Neige\u00a0: Normandie, Bretagne, Nord\u2026 Des flocons sont tomb\u00e9s en plaine"},"content":{"rendered":"<p>Apr\u00e8s des temp\u00e9ratures tr\u00e8s douces, <a href=\"https:\/\/rennes.maville.com\/actu\/actudet_-les-temperatures-vont-baisser-encore-d-un-cran-des-jeudi-des-chutes-de-neige-possibles-en-plaine-_54135-7070948_actu.Htm\" target=\"_self\" rel=\"noopener\">l\u2019hiver s\u2019est install\u00e9 en France<\/a>. La chute des temp\u00e9ratures a provoqu\u00e9 le retour de la neige \u00e0 basse altitude ce jeudi 20\u00a0novembre 2025, et un manteau blanc s\u2019est d\u00e9pos\u00e9 dans certaines r\u00e9gions. Des flocons sont tomb\u00e9s en Normandie, en Bretagne, dans le centre du pays ou encore en Occitanie.<\/p>\n<p><strong>Lire aussi\u00a0:<\/strong> <a href=\"https:\/\/rennes.maville.com\/actu\/actudet_-carte.-jusqu-a-20-c-en-moins-visualisez-le-grand-ecart-des-temperatures-par-ville-en-une-semaine-_54135-7072429_actu.Htm\" target=\"_self\" rel=\"noopener\">CARTE. Jusqu\u2019\u00e0 20\u00a0\u00b0C en moins\u00a0: visualisez le grand \u00e9cart des temp\u00e9ratures par ville en une semaine<\/a><\/p>\n<p>Des chutes de neige cette nuit<\/p>\n<p>La neige \u00e9tait attendue, elle a commenc\u00e9 \u00e0 tomber sur l\u2019Hexagone cette nuit, comme le montre cette visualisation r\u00e9alis\u00e9e via M\u00e9t\u00e9ociel\u00a0:<\/p>\n<p><img decoding=\"async\" src=\"https:\/\/www.europesays.com\/fr\/wp-content\/uploads\/2025\/11\/1763656103_92_animvch5.gif\" border=\"0\"\/><\/p>\n<p>En Bretagne, <a href=\"https:\/\/fougeres.maville.com\/actu\/actudet_-en-images.-des-averses-de-neige-tombees-en-ille-et-vilaine-jusqu-a-2-cm-dans-le-pays-de-fougeres-_7-7072370_actu.Htm\" target=\"_self\" rel=\"noopener\">le pays de Foug\u00e8res a \u00e9t\u00e9 recouvert d\u2019un manteau blanc ce matin<\/a>, \u00e9pais de deux centim\u00e8tres \u00e0 certains endroits, comme le rapportent mes coll\u00e8gues bretilliens.<\/p>\n<p>\t<img decoding=\"async\" src=\"https:\/\/www.europesays.com\/fr\/wp-content\/uploads\/2025\/11\/P35591744D7072465G_px_640_.jpg\" alt=\"photo neige dans le pays de foug\u00e8res, jeudi 20\u00a0novembre 2025.  \u00a9  ouest-france\" width=\"640\" title=\" Neige dans le pays de Foug\u00e8res, jeudi 20\u00a0novembre 2025.   Ouest-France \"\/><\/p>\n<p class=\"elmt-legende\"> Neige dans le pays de Foug\u00e8res, jeudi 20\u00a0novembre 2025.   Ouest-France <\/p>\n<p>Le compte Temps Breton partage la vid\u00e9o d\u2019une averse de neige entre Rennes et Foug\u00e8res ce matin\u00a0:<\/p>\n<p>\n                Nous avons bloqu\u00e9 l\u2019affichage de ce contenu pour respecter vos choix en mati\u00e8re de cookies.<br \/>En cliquant sur \u00abConsulter\u00bb, vous acceptez le d\u00e9p\u00f4t de cookies par des services de r\u00e9seaux sociaux tels que Twitter.<br \/>\n                Consulter\n            <\/p>\n<blockquote class=\"twitter-tweet\" wp_automatic_readability=\"5.702875399361\">\n<p lang=\"fr\" dir=\"ltr\"><a href=\"https:\/\/twitter.com\/hashtag\/Neige?src=hash&amp;ref_src=twsrc%5Etfw\" target=\"_blank\" rel=\"noopener\">#Neige<\/a> ???? La circulation est au ralenti ce matin entre Rennes et Foug\u00e8res avec une pellicule de 2 cm mesur\u00e9s dans ce secteur. <br \/>Les averses se succ\u00e8dent depuis la deuxi\u00e8me partie de nuit dans le secteur.<br \/>?? Fab de Foug\u00e8res <a href=\"https:\/\/twitter.com\/hashtag\/Bretagne?src=hash&amp;ref_src=twsrc%5Etfw\" target=\"_blank\" rel=\"noopener\">#Bretagne<\/a> <a href=\"https:\/\/t.co\/yJ1bk8J4wv\">pic.twitter.com\/yJ1bk8J4wv<\/a><\/p>\n<p>\u2014 Temps Breton (@Temps_Breton) <a href=\"https:\/\/twitter.com\/Temps_Breton\/status\/1991411676386934809?ref_src=twsrc%5Etfw\" target=\"_blank\" rel=\"noopener\">November 20, 2025<\/a><\/p><\/blockquote>\n<p>Dans le Finist\u00e8re, une fine couche de neige s\u2019est pos\u00e9e sur le point culminant des monts d\u2019Arr\u00e9e, sur la chapelle qui tr\u00f4ne au sommet du mont Saint-Michel de Brasparts\u00a0:<\/p>\n<p>\t<img decoding=\"async\" src=\"https:\/\/www.europesays.com\/fr\/wp-content\/uploads\/2025\/11\/P35591745D7072465G_px_640_.jpg\" alt=\"photo neige dans les monts d'arr\u00e9e, dans le finist\u00e8re, le 20\u00a0novembre 2025  \u00a9  ouest-france\" width=\"640\" title=\" Neige dans les monts d'Arr\u00e9e, dans le Finist\u00e8re, le 20\u00a0novembre 2025   Ouest-France \"\/><\/p>\n<p class=\"elmt-legende\"> Neige dans les monts d&rsquo;Arr\u00e9e, dans le Finist\u00e8re, le 20\u00a0novembre 2025   Ouest-France <\/p>\n<p>En Normandie, <a href=\"https:\/\/trouville-deauville.maville.com\/actu\/actudet_-meteo.-les-premiers-flocons-de-l-hiver-sont-tombes-en-normandie-le-verglas-a-provoque-quelques-sorties-de-route-_4-7072373_actu.Htm\" target=\"_self\" rel=\"noopener\">les flocons de neige ont provoqu\u00e9 des sorties de route dans le secteur de Lisieux (Calvados)<\/a>\u00a0:<\/p>\n<p>\t<img decoding=\"async\" src=\"https:\/\/www.europesays.com\/fr\/wp-content\/uploads\/2025\/11\/P35591746D7072465G_px_640_.jpg\" alt=\"photo une voiture renvers\u00e9e sur la route pr\u00e8s de lisieux, apr\u00e8s un accident ce jeudi 20\u00a0novembre 2025.  \u00a9  ouest-france\" width=\"640\" title=\" Une voiture renvers\u00e9e sur la route pr\u00e8s de Lisieux, apr\u00e8s un accident ce jeudi 20\u00a0novembre 2025.   Ouest-France \"\/><\/p>\n<p class=\"elmt-legende\"> Une voiture renvers\u00e9e sur la route pr\u00e8s de Lisieux, apr\u00e8s un accident ce jeudi 20\u00a0novembre 2025.   Ouest-France <\/p>\n<p>Des flocons dans le Nord<\/p>\n<p>Ce matin, la neige tombe sur la m\u00e9tropole lilloise. Un photographe amateur partage des vid\u00e9os \u00e0\u00b2<\/p>\n<p>\n                Nous avons bloqu\u00e9 l\u2019affichage de ce contenu pour respecter vos choix en mati\u00e8re de cookies.<br \/>En cliquant sur \u00abConsulter\u00bb, vous acceptez le d\u00e9p\u00f4t de cookies par des services de r\u00e9seaux sociaux tels que Twitter.<br \/>\n                Consulter\n            <\/p>\n<blockquote class=\"twitter-tweet\" wp_automatic_readability=\"4.2289156626506\">\n<p lang=\"fr\" dir=\"ltr\"><a href=\"https:\/\/twitter.com\/hashtag\/neige?src=hash&amp;ref_src=twsrc%5Etfw\" target=\"_blank\" rel=\"noopener\">#neige<\/a> ce matin sur la m\u00e9tropole lilloise.<br \/>Sols bien blanchis \u00e0 Villeneuve-dAscq. <a href=\"https:\/\/t.co\/QSLAXppHTx\">pic.twitter.com\/QSLAXppHTx<\/a><\/p>\n<p>\u2014 Jules Creteur Photo (@JulesCreteur) <a href=\"https:\/\/twitter.com\/JulesCreteur\/status\/1991452386473439562?ref_src=twsrc%5Etfw\" target=\"_blank\" rel=\"noopener\">November 20, 2025<\/a><\/p><\/blockquote>\n<p>Idem \u00e0 Valenciennes, o\u00f9 les cam\u00e9ras de la Cha\u00eene M\u00e9t\u00e9o ont captur\u00e9 la chute des flocons sur le march\u00e9 de No\u00ebl\u00a0:<\/p>\n<p>\n                Nous avons bloqu\u00e9 l\u2019affichage de ce contenu pour respecter vos choix en mati\u00e8re de cookies.<br \/>En cliquant sur \u00abConsulter\u00bb, vous acceptez le d\u00e9p\u00f4t de cookies par des services de r\u00e9seaux sociaux tels que Twitter.<br \/>\n                Consulter\n            <\/p>\n<blockquote class=\"twitter-tweet\" wp_automatic_readability=\"4.4170212765957\">\n<p lang=\"fr\" dir=\"ltr\">??Il <a href=\"https:\/\/twitter.com\/hashtag\/neige?src=hash&amp;ref_src=twsrc%5Etfw\" target=\"_blank\" rel=\"noopener\">#neige<\/a> dans la r\u00e9gion de <a href=\"https:\/\/twitter.com\/hashtag\/Valenciennes?src=hash&amp;ref_src=twsrc%5Etfw\" target=\"_blank\" rel=\"noopener\">#Valenciennes<\/a> mais elle ne tient pas au sol en centre-ville. Les collines aux alentours peuvent temporairement blanchir. <a href=\"https:\/\/t.co\/wQzC0Cjsy3\">pic.twitter.com\/wQzC0Cjsy3<\/a><\/p>\n<p>\u2014 La Cha\u00eene M\u00e9t\u00e9o (@lachainemeteo) <a href=\"https:\/\/twitter.com\/lachainemeteo\/status\/1991428125998346602?ref_src=twsrc%5Etfw\" target=\"_blank\" rel=\"noopener\">November 20, 2025<\/a><\/p><\/blockquote>\n<p>Nos voisins belges ont aussi vu la neige tomber, comme \u00e0 Courcelles, \u00e0 proximit\u00e9 de Charleroi. M\u00e9t\u00e9o Express partage des images datant du d\u00e9but de matin\u00e9e\u00a0:<\/p>\n<p>\n                Nous avons bloqu\u00e9 l\u2019affichage de ce contenu pour respecter vos choix en mati\u00e8re de cookies.<br \/>En cliquant sur \u00abConsulter\u00bb, vous acceptez le d\u00e9p\u00f4t de cookies par des services de r\u00e9seaux sociaux tels que Twitter.<br \/>\n                Consulter\n            <\/p>\n<blockquote class=\"twitter-tweet\" wp_automatic_readability=\"4.9113924050633\">\n<p lang=\"fr\" dir=\"ltr\">?? Des giboul\u00e9es de neige se produisent jusqu&rsquo;en plaine en Belgique ce matin du 20 novembre. Images de Courcelles pr\u00e8s de Charleroi. (\u00a9 Johny De Jaeghere) <a href=\"https:\/\/t.co\/tzyBttxnkf\">pic.twitter.com\/tzyBttxnkf<\/a><\/p>\n<p>\u2014 M\u00e9t\u00e9o Express (@MeteoExpress) <a href=\"https:\/\/twitter.com\/MeteoExpress\/status\/1991385405716099165?ref_src=twsrc%5Etfw\" target=\"_blank\" rel=\"noopener\">November 20, 2025<\/a><\/p><\/blockquote>\n<p>La neige devrait continuer \u00e0 tomber par averses \u00e0 travers l\u2019Hexagone ce jeudi et une cinquantaine de d\u00e9partements sont plac\u00e9s en vigilance jaune neige-verglas.<\/p>\n<p><a href=\"https:\/\/rennes.maville.com\/actu\/actudet_-neige-un-week-end-complique-en-perspective-selon-le-ministre-des-transports-_54135-7072439_actu.Htm\" target=\"_self\" rel=\"noopener\">Le ministre des Transports Philippe Tabarot a d\u00e9clar\u00e9 ce matin s\u2019attendre \u00e0 un <strong>\u00ab\u00a0week-end compliqu\u00e9\u00a0\u00bb<\/strong> sur les routes<\/a>. <strong>\u00ab\u00a0Il faut l\u2019anticiper avec des \u00e9quipes mobilis\u00e9es 24h\/24\u00a0\u00bb,<\/strong> a-t-il indiqu\u00e9.<\/p>\n<p>\u00a0<\/p>\n<p>\t\t<script async src=\"https:\/\/platform.twitter.com\/widgets.js\" charset=\"utf-8\"><\/script><\/p>\n","protected":false},"excerpt":{"rendered":"Apr\u00e8s des temp\u00e9ratures tr\u00e8s douces, l\u2019hiver s\u2019est install\u00e9 en France. La chute des temp\u00e9ratures a provoqu\u00e9 le retour&hellip;\n","protected":false},"author":2,"featured_media":546962,"comment_status":"","ping_status":"","sticky":false,"template":"","format":"standard","meta":{"footnotes":""},"categories":[2821],"tags":[1111,11,829,1777,674,65949,1011,27,4430,10584,12,1308,5161,6775,584,25,13879],"class_list":{"0":"post-547198","1":"post","2":"type-post","3":"status-publish","4":"format-standard","5":"has-post-thumbnail","7":"category-rennes","8":"tag-actu","9":"tag-actualites","10":"tag-bretagne","11":"tag-eu","12":"tag-europe","13":"tag-flocons","14":"tag-fr","15":"tag-france","16":"tag-images","17":"tag-neige","18":"tag-news","19":"tag-nord","20":"tag-normandie","21":"tag-plaine","22":"tag-rennes","23":"tag-republique-francaise","24":"tag-tombes"},"share_on_mastodon":{"url":"https:\/\/pubeurope.com\/@fr\/115582974860879474","error":""},"_links":{"self":[{"href":"https:\/\/www.europesays.com\/fr\/wp-json\/wp\/v2\/posts\/547198","targetHints":{"allow":["GET"]}}],"collection":[{"href":"https:\/\/www.europesays.com\/fr\/wp-json\/wp\/v2\/posts"}],"about":[{"href":"https:\/\/www.europesays.com\/fr\/wp-json\/wp\/v2\/types\/post"}],"author":[{"embeddable":true,"href":"https:\/\/www.europesays.com\/fr\/wp-json\/wp\/v2\/users\/2"}],"replies":[{"embeddable":true,"href":"https:\/\/www.europesays.com\/fr\/wp-json\/wp\/v2\/comments?post=547198"}],"version-history":[{"count":0,"href":"https:\/\/www.europesays.com\/fr\/wp-json\/wp\/v2\/posts\/547198\/revisions"}],"wp:featuredmedia":[{"embeddable":true,"href":"https:\/\/www.europesays.com\/fr\/wp-json\/wp\/v2\/media\/546962"}],"wp:attachment":[{"href":"https:\/\/www.europesays.com\/fr\/wp-json\/wp\/v2\/media?parent=547198"}],"wp:term":[{"taxonomy":"category","embeddable":true,"href":"https:\/\/www.europesays.com\/fr\/wp-json\/wp\/v2\/categories?post=547198"},{"taxonomy":"post_tag","embeddable":true,"href":"https:\/\/www.europesays.com\/fr\/wp-json\/wp\/v2\/tags?post=547198"}],"curies":[{"name":"wp","href":"https:\/\/api.w.org\/{rel}","templated":true}]}}