{"id":547199,"date":"2025-11-20T16:29:15","date_gmt":"2025-11-20T16:29:15","guid":{"rendered":"https:\/\/www.europesays.com\/fr\/547199\/"},"modified":"2025-11-20T16:29:15","modified_gmt":"2025-11-20T16:29:15","slug":"a-rennes-un-directeur-de-maternelle-menace-de-mort-par-une-famille-qui-refuse-un-enseignant-masculin-liberation","status":"publish","type":"post","link":"https:\/\/www.europesays.com\/fr\/547199\/","title":{"rendered":"\u00e0 Rennes, un directeur de maternelle menac\u00e9 de mort par une famille qui refuse un enseignant masculin \u2013 Lib\u00e9ration"},"content":{"rendered":"<p class=\"sc-cPiKLX AiZTS text-element\">Une violente altercation, des menaces de mort indirectes et depuis, un arr\u00eat maladie qui s\u2019\u00e9tire depuis plusieurs semaines. Le 10 octobre, le directeur et enseignant de l\u2019\u00e9cole Cl\u00f4teaux, dans le sud de Rennes, est invectiv\u00e9 par le p\u00e8re d\u2019une \u00e9l\u00e8ve qui ne veut pas que sa fille soit encadr\u00e9e par un homme.<\/p>\n<p class=\"sc-cPiKLX AiZTS text-element\">Le directeur refuse de changer l\u2019\u00e9l\u00e8ve de classe, au nom des r\u00e8gles de l\u2019\u00e9tablissement et du respect des valeurs de la R\u00e9publique. Imm\u00e9diatement, celui-ci subit \u00abde graves menaces, accompagn\u00e9es de propos relevant de l\u2019outrage sexiste, de la diffamation et du m\u00e9pris\u00bb, \u00e9crivent des membres de l\u2019\u00e9quipe \u00e9ducative dans un communiqu\u00e9 transmis \u00e0 Lib\u00e9ration.<\/p>\n<p class=\"sc-cPiKLX AiZTS text-element\">\u00abTout cela parce que cette famille refuse que les hommes puissent accomplir les m\u00eames t\u00e2ches que les femmes dans une \u00e9cole maternelle. L\u2019\u00e9cole devait donc accepter de changer l\u2019enfant de classe pour b\u00e9n\u00e9ficier d\u2019un encadrement uniquement f\u00e9minin\u00bb, d\u00e9plorent les enseignants de cette petite \u00e9cole d\u2019une centaine d\u2019\u00e9l\u00e8ves.<\/p>\n<p class=\"sc-cPiKLX AiZTS text-element\">Fabrice Lerestif, secr\u00e9taire g\u00e9n\u00e9ral Force ouvri\u00e8re d\u2019Ille-et-Vilaine, contact\u00e9 par Lib\u00e9ration, ajoute que le p\u00e8re de famille a \u00e9voqu\u00e9 des raisons personnelles lors de cet \u00e9change houleux, \u00absans jamais \u00e9voquer quelconque motif religieux\u00bb. \u00abEn l\u2019occurrence, ce n\u2019est pas un motif religieux\u00bb, a abond\u00e9 ce jeudi le ministre de l\u2019Education, Edouard Geffray, en marge d\u2019un d\u00e9placement dans une \u00e9cole de Villeurbanne (Rh\u00f4ne). \u00abL\u2019\u00e9cole, ce n\u2019est pas le supermarch\u00e9 des revendications individuelles. [\u2026] Une demande de cette nature n\u2019a pas sa place \u00e0 l\u2019\u00e9cole\u00bb, a-t-il \u00e9galement ajout\u00e9.<\/p>\n<p class=\"sc-cPiKLX AiZTS text-element\">Fabrice Lerestif, qui rappelle que \u00abl\u2019\u00e9cole n\u2019est pas en libre-service\u00bb, indique que le directeur, en \u00ab\u00e9tat de choc\u00bb, est depuis l\u2019altercation en arr\u00eat maladie. Ce dernier a par ailleurs port\u00e9 plainte contre le p\u00e8re de famille. Les motifs ne sont pas encore connus. <\/p>\n<p class=\"sc-cPiKLX AiZTS text-element\">Pourquoi avoir gard\u00e9 sous silence cette information pendant plusieurs semaines ? Selon le secr\u00e9taire g\u00e9n\u00e9ral FO du d\u00e9partement, \u00abil y a eu une lente maturation dans l\u2019\u00e9quipe \u00e9ducative jusqu\u2019\u00e0 aujourd\u2019hui\u00bb, pour \u00absavoir quelle posture adopter, pour ne surtout pas tomber dans la r\u00e9cup\u00e9ration politique\u00bb. Interrog\u00e9 par <a href=\"https:\/\/www.ouest-france.fr\/bretagne\/rennes-35000\/a-rennes-un-directeur-decole-maternelle-menace-de-mort-par-le-pere-dune-eleve-03af6a7a-c556-11f0-ae43-bd19d28cf441\" target=\"_blank\" rel=\"noreferrer nofollow noopener\" title=\"https:\/\/www.ouest-france.fr\/bretagne\/rennes-35000\/a-rennes-un-directeur-decole-maternelle-menace-de-mort-par-le-pere-dune-eleve-03af6a7a-c556-11f0-ae43-bd19d28cf441\">Ouest France,<\/a> un repr\u00e9sentant de parents d\u2019\u00e9l\u00e8ves, d\u00e9clare pour sa part avoir \u00ab\u00e9t\u00e9 mis au courant rapidement de la situation\u00bb, mais avoir \u00e9t\u00e9 contraint par l\u2019\u00e9quipe de direction de rester \u00abdiscret\u00bb dans un premier temps, \u00abnotamment le temps de recevoir une r\u00e9ponse de l\u2019acad\u00e9mie\u00bb.<\/p>\n<p class=\"sc-cPiKLX AiZTS text-element\">Le rectorat de Rennes explique, lui, que \u00abla situation est connue et fait l\u2019objet d\u2019un suivi attentif et continu par les services acad\u00e9miques depuis son signalement en octobre\u00bb. \u00abLa famille a \u00e9t\u00e9 imm\u00e9diatement convoqu\u00e9e afin de proc\u00e9der \u00e0 un rappel du cadre l\u00e9gal\u00bb et \u00aba reconnu avoir eu des propos mena\u00e7ants\u00bb. Le rectorat a par ailleurs d\u00e9pos\u00e9 plainte et effectu\u00e9 un signalement \u00e0 la justice. Sollicit\u00e9 par Lib\u00e9ration au sujet de cette plainte, le parquet de Rennes n\u2019a, \u00e0 l\u2019heure actuelle, pas r\u00e9pondu.<\/p>\n<p class=\"sc-cPiKLX AiZTS text-element\">Dans son communiqu\u00e9, l\u2019\u00e9quipe \u00e9ducative de l\u2019\u00e9cole maternelle estime enfin que \u00able lien de confiance avec cette famille est rompu\u00bb et exige que l\u2019enfant soit scolaris\u00e9e dans un autre \u00e9tablissement. Apr\u00e8s un premier rassemblement organis\u00e9 mercredi 19 novembre, l\u2019\u00e9cole maternelle sera en gr\u00e8ve vendredi afin d\u2019alerter sa \u00abhi\u00e9rarchie\u00bb, marquer son soutien au directeur \u00abqui traverse des moments difficiles\u00bb et \u00abpour alerter notre institution sur la n\u00e9cessit\u00e9 de prot\u00e9ger efficacement ses personnels\u00bb. Un appel \u00e0 la gr\u00e8ve qui sera largement repris par d\u2019autres \u00e9tablissements de la r\u00e9gion, d\u00e9taille Fabrice Lerestif.<\/p>\n","protected":false},"excerpt":{"rendered":"Une violente altercation, des menaces de mort indirectes et depuis, un arr\u00eat maladie qui s\u2019\u00e9tire depuis plusieurs semaines.&hellip;\n","protected":false},"author":2,"featured_media":547200,"comment_status":"","ping_status":"","sticky":false,"template":"","format":"standard","meta":{"footnotes":""},"categories":[2821],"tags":[1111,11,829,1122,1777,674,1011,27,12,584,25],"class_list":{"0":"post-547199","1":"post","2":"type-post","3":"status-publish","4":"format-standard","5":"has-post-thumbnail","7":"category-rennes","8":"tag-actu","9":"tag-actualites","10":"tag-bretagne","11":"tag-ecole","12":"tag-eu","13":"tag-europe","14":"tag-fr","15":"tag-france","16":"tag-news","17":"tag-rennes","18":"tag-republique-francaise"},"share_on_mastodon":{"url":"https:\/\/pubeurope.com\/@fr\/115582977108801304","error":""},"_links":{"self":[{"href":"https:\/\/www.europesays.com\/fr\/wp-json\/wp\/v2\/posts\/547199","targetHints":{"allow":["GET"]}}],"collection":[{"href":"https:\/\/www.europesays.com\/fr\/wp-json\/wp\/v2\/posts"}],"about":[{"href":"https:\/\/www.europesays.com\/fr\/wp-json\/wp\/v2\/types\/post"}],"author":[{"embeddable":true,"href":"https:\/\/www.europesays.com\/fr\/wp-json\/wp\/v2\/users\/2"}],"replies":[{"embeddable":true,"href":"https:\/\/www.europesays.com\/fr\/wp-json\/wp\/v2\/comments?post=547199"}],"version-history":[{"count":0,"href":"https:\/\/www.europesays.com\/fr\/wp-json\/wp\/v2\/posts\/547199\/revisions"}],"wp:featuredmedia":[{"embeddable":true,"href":"https:\/\/www.europesays.com\/fr\/wp-json\/wp\/v2\/media\/547200"}],"wp:attachment":[{"href":"https:\/\/www.europesays.com\/fr\/wp-json\/wp\/v2\/media?parent=547199"}],"wp:term":[{"taxonomy":"category","embeddable":true,"href":"https:\/\/www.europesays.com\/fr\/wp-json\/wp\/v2\/categories?post=547199"},{"taxonomy":"post_tag","embeddable":true,"href":"https:\/\/www.europesays.com\/fr\/wp-json\/wp\/v2\/tags?post=547199"}],"curies":[{"name":"wp","href":"https:\/\/api.w.org\/{rel}","templated":true}]}}