{"id":547205,"date":"2025-11-20T16:32:10","date_gmt":"2025-11-20T16:32:10","guid":{"rendered":"https:\/\/www.europesays.com\/fr\/547205\/"},"modified":"2025-11-20T16:32:10","modified_gmt":"2025-11-20T16:32:10","slug":"pres-de-400-depistages-realises-lors-de-loperation-lider-diabete-avec-le-lions-club-a-digne-les-bains","status":"publish","type":"post","link":"https:\/\/www.europesays.com\/fr\/547205\/","title":{"rendered":"Pr\u00e8s de 400 d\u00e9pistages r\u00e9alis\u00e9s lors de l&rsquo;op\u00e9ration Lider Diab\u00e8te avec le Lions Club \u00e0 Digne-les-Bains"},"content":{"rendered":"<p>L&rsquo;op\u00e9ration de d\u00e9pistage du diab\u00e8te aura, cette fois encore, \u00e9t\u00e9 une r\u00e9ussite \u00e0 <a href=\"https:\/\/www.laprovence.com\/alpes-de-haute-provence\/digne-les-bains-04070\" target=\"_blank\" rel=\"noopener\">Digne-les-Bains<\/a> (Alpes-de-Haute-Provence). Pour le docteur Pierre-Jean Genebeaud, qui pr\u00e9side le comit\u00e9 Lider au sein du <a href=\"https:\/\/www.laprovence.com\/article\/region\/452178515511614\/a-digne-les-bains-les-golfeurs-se-sont-mobilises-contre-les-cancers-infantiles\" target=\"_blank\" rel=\"noopener\">Lions Club<\/a>, \u00ab\u00a0la visite sur site du nouveau directeur de Carrefour, Fr\u00e9d\u00e9ric Jagodzinski, ainsi que Laurent Quil\u00e8s, directeur de l&rsquo;IFSI et Val\u00e9rie Dol coordinatrice p\u00e9dagogique de l&rsquo;IFSI, nous encourage dans notre mission\u00a0\u00bb.<\/p>\n<p>Sept \u00e9l\u00e8ves en deuxi\u00e8me ann\u00e9e de pr\u00e9paration au dipl\u00f4me d&rsquo;infirmi\u00e8re se sont relay\u00e9es pour la r\u00e9alisation des glyc\u00e9mies capillaires, \u00e0 la suite d&rsquo;une convention sign\u00e9e avec la direction de <a href=\"https:\/\/www.laprovence.com\/article\/sante\/43578948306158\/avec-des-effectifs-stables-les-infirmiers-et-aides-soignants-ont-fait-leur-rentree-a-digne-les-bains\" target=\"_blank\" rel=\"noopener\">l&rsquo;IFSI<\/a>.<\/p>\n<p>Ce sont donc 387 d\u00e9pistages qui ont \u00e9t\u00e9 r\u00e9alis\u00e9s durant cette journ\u00e9e. \u00ab\u00a0Un chiffre en baisse par rapport \u00e0 l&rsquo;an pass\u00e9, (410 en\u00a02024), qui semble d\u00fb \u00e0 moins de passage de client\u00e8le dans la galerie. Au total, ce sont 188 femmes et 139 hommes qui ont \u00e9t\u00e9 d\u00e9pist\u00e9s, 22 personnes pr\u00e9sentaient des glyc\u00e9mies hors limite, dont 18 qui l&rsquo;ignoraient et qui ont \u00e9t\u00e9 orient\u00e9es par le m\u00e9decin vers leur m\u00e9decin traitant\u00a0\u00bb, relevait Pierre-Jean Genebeaud.<\/p>\n<p>Les membres du comit\u00e9 Lider ne cherchent pas \u00ab\u00a0\u00e0 battre des records. Ce chiffre de d\u00e9pistage est d\u00e9j\u00e0 honorable et permet d&rsquo;alerter des diab\u00e9tiques qui s&rsquo;ignorent, au risque de voir appara\u00eetre un diab\u00e8te dans les ann\u00e9es \u00e0 venir ou qui le sont d\u00e9j\u00e0 sans le savoir.\u00a0\u00bb<\/p>\n","protected":false},"excerpt":{"rendered":"L&rsquo;op\u00e9ration de d\u00e9pistage du diab\u00e8te aura, cette fois encore, \u00e9t\u00e9 une r\u00e9ussite \u00e0 Digne-les-Bains (Alpes-de-Haute-Provence). Pour le docteur&hellip;\n","protected":false},"author":2,"featured_media":547206,"comment_status":"","ping_status":"","sticky":false,"template":"","format":"standard","meta":{"footnotes":""},"categories":[2819],"tags":[17,10851,1111,11,66507,1777,674,1011,27,12827,66508,7826,12,2401,3762,882,50088,25,71],"class_list":{"0":"post-547205","1":"post","2":"type-post","3":"status-publish","4":"format-standard","5":"has-post-thumbnail","7":"category-nice","8":"tag-17","9":"tag-10851","10":"tag-actu","11":"tag-actualites","12":"tag-depistages","13":"tag-eu","14":"tag-europe","15":"tag-fr","16":"tag-france","17":"tag-loperation","18":"tag-lider","19":"tag-lors","20":"tag-news","21":"tag-nice","22":"tag-pres","23":"tag-provence-alpes-cote-dazur","24":"tag-realises","25":"tag-republique-francaise","26":"tag-sante"},"share_on_mastodon":{"url":"https:\/\/pubeurope.com\/@fr\/115582988771734989","error":""},"_links":{"self":[{"href":"https:\/\/www.europesays.com\/fr\/wp-json\/wp\/v2\/posts\/547205","targetHints":{"allow":["GET"]}}],"collection":[{"href":"https:\/\/www.europesays.com\/fr\/wp-json\/wp\/v2\/posts"}],"about":[{"href":"https:\/\/www.europesays.com\/fr\/wp-json\/wp\/v2\/types\/post"}],"author":[{"embeddable":true,"href":"https:\/\/www.europesays.com\/fr\/wp-json\/wp\/v2\/users\/2"}],"replies":[{"embeddable":true,"href":"https:\/\/www.europesays.com\/fr\/wp-json\/wp\/v2\/comments?post=547205"}],"version-history":[{"count":0,"href":"https:\/\/www.europesays.com\/fr\/wp-json\/wp\/v2\/posts\/547205\/revisions"}],"wp:featuredmedia":[{"embeddable":true,"href":"https:\/\/www.europesays.com\/fr\/wp-json\/wp\/v2\/media\/547206"}],"wp:attachment":[{"href":"https:\/\/www.europesays.com\/fr\/wp-json\/wp\/v2\/media?parent=547205"}],"wp:term":[{"taxonomy":"category","embeddable":true,"href":"https:\/\/www.europesays.com\/fr\/wp-json\/wp\/v2\/categories?post=547205"},{"taxonomy":"post_tag","embeddable":true,"href":"https:\/\/www.europesays.com\/fr\/wp-json\/wp\/v2\/tags?post=547205"}],"curies":[{"name":"wp","href":"https:\/\/api.w.org\/{rel}","templated":true}]}}