{"id":547211,"date":"2025-11-20T16:35:18","date_gmt":"2025-11-20T16:35:18","guid":{"rendered":"https:\/\/www.europesays.com\/fr\/547211\/"},"modified":"2025-11-20T16:35:18","modified_gmt":"2025-11-20T16:35:18","slug":"gymnase-coidelle-occupe-a-nantes-la-centaine-de-personnes-a-la-rue-relogee-a-lhotel-et","status":"publish","type":"post","link":"https:\/\/www.europesays.com\/fr\/547211\/","title":{"rendered":"Gymnase Coidelle occup\u00e9 \u00e0 Nantes\u00a0: la centaine de personnes \u00e0 la rue relog\u00e9e \u00e0 l\u2019h\u00f4tel et"},"content":{"rendered":"<p><a href=\"https:\/\/nantes.maville.com\/actu\/actudet_-enfants-et-familles-a-la-rue-investissent-un-gymnase-du-centre-ville-de-nantes-en-attendant-un-vrai-toit-_8-7071351_actu.Htm\" target=\"_self\" rel=\"noopener\">En installant une centaine de personnes \u00e0 la rue dans le gymnase Armand-Coidelle, rue Lafayette, \u00e0 Nantes, mercredi apr\u00e8s-midi 19\u00a0novembre, le Dal (Droit au logement) et le Collectif des oubli\u00e9s du 115\u00a0voulaient attirer l\u2019attention des pouvoirs publics sur le sort de ces trop nombreuses personnes qui dorment dehors.<\/a> Le message a port\u00e9 ses fruits.<\/p>\n<p>Des \u00e9lus de la majorit\u00e9 nantaise sont all\u00e9s sur place. <strong>\u00ab\u00a0Tard dans la soir\u00e9e de mercredi,<\/strong> rapporte Simon Le Her, du Dal<strong>,<\/strong> <strong>l\u2019ensemble des sans-logis ont \u00e9t\u00e9 orient\u00e9s vers des h\u00f4tels, pour une quarantaine d\u2019entre eux. Les autres personnes, une soixantaine, \u00e9tant accueillies au gymnase \u00c9mile-Maurice, o\u00f9 la Croix-Rouge a mont\u00e9 un dispositif d\u2019h\u00e9bergement d\u2019urgence.\u00a0\u00bb <\/strong>Ce m\u00eame gymnase est parfois utilis\u00e9, notamment, lorsque les plans Grand froid sont actionn\u00e9s.<\/p>\n<p>\u00ab\u00a0D\u00e9faillances de l\u2019\u00c9tat\u00a0\u00bb<\/p>\n<p>La Ville indique qu\u2019elle est mobilis\u00e9e <strong>\u00ab\u00a0pour trouver des solutions afin de loger des personnes qui sont, actuellement, accueillies au gymnase \u00c9mile-Maurice\u00a0\u00bb.<\/strong><\/p>\n<p>Le Dal et le Collectif continuent de d\u00e9noncer <strong>\u00ab\u00a0les d\u00e9faillances de l\u2019\u00c9tat, d\u2019autant plus qu\u2019il est propri\u00e9taire de b\u00e2timents, comme l\u2019ex-Man <\/strong>(Maison de l\u2019administration nouvelle)<strong>, \u00e9quip\u00e9e pour accueillir des sans-logis et qui pourrait \u00eatre r\u00e9quisitionn\u00e9\u00a0\u00bb.<\/strong><\/p>\n<p>Selon les militants du Droit au logement, pr\u00e8s de 15\u00a0000\u00a0logements vides existeraient dans la m\u00e9tropole nantaise. Environ 3\u00a0500\u00a0personnes n\u2019auraient pas de toit \u00e0 Nantes.<\/p>\n<p>\u00a0<\/p>\n","protected":false},"excerpt":{"rendered":"En installant une centaine de personnes \u00e0 la rue dans le gymnase Armand-Coidelle, rue Lafayette, \u00e0 Nantes, mercredi&hellip;\n","protected":false},"author":2,"featured_media":547212,"comment_status":"","ping_status":"","sticky":false,"template":"","format":"standard","meta":{"footnotes":""},"categories":[2818],"tags":[1111,11,10466,66509,1777,674,1011,27,5138,190,766,12,21700,2636,3744,66510,25,3640],"class_list":{"0":"post-547211","1":"post","2":"type-post","3":"status-publish","4":"format-standard","5":"has-post-thumbnail","7":"category-nantes","8":"tag-actu","9":"tag-actualites","10":"tag-centaine","11":"tag-coidelle","12":"tag-eu","13":"tag-europe","14":"tag-fr","15":"tag-france","16":"tag-gymnase","17":"tag-hotel","18":"tag-nantes","19":"tag-news","20":"tag-occupe","21":"tag-pays-de-la-loire","22":"tag-personnes","23":"tag-relogee","24":"tag-republique-francaise","25":"tag-rue"},"share_on_mastodon":{"url":"https:\/\/pubeurope.com\/@fr\/115583000508923328","error":""},"_links":{"self":[{"href":"https:\/\/www.europesays.com\/fr\/wp-json\/wp\/v2\/posts\/547211","targetHints":{"allow":["GET"]}}],"collection":[{"href":"https:\/\/www.europesays.com\/fr\/wp-json\/wp\/v2\/posts"}],"about":[{"href":"https:\/\/www.europesays.com\/fr\/wp-json\/wp\/v2\/types\/post"}],"author":[{"embeddable":true,"href":"https:\/\/www.europesays.com\/fr\/wp-json\/wp\/v2\/users\/2"}],"replies":[{"embeddable":true,"href":"https:\/\/www.europesays.com\/fr\/wp-json\/wp\/v2\/comments?post=547211"}],"version-history":[{"count":0,"href":"https:\/\/www.europesays.com\/fr\/wp-json\/wp\/v2\/posts\/547211\/revisions"}],"wp:featuredmedia":[{"embeddable":true,"href":"https:\/\/www.europesays.com\/fr\/wp-json\/wp\/v2\/media\/547212"}],"wp:attachment":[{"href":"https:\/\/www.europesays.com\/fr\/wp-json\/wp\/v2\/media?parent=547211"}],"wp:term":[{"taxonomy":"category","embeddable":true,"href":"https:\/\/www.europesays.com\/fr\/wp-json\/wp\/v2\/categories?post=547211"},{"taxonomy":"post_tag","embeddable":true,"href":"https:\/\/www.europesays.com\/fr\/wp-json\/wp\/v2\/tags?post=547211"}],"curies":[{"name":"wp","href":"https:\/\/api.w.org\/{rel}","templated":true}]}}