{"id":547217,"date":"2025-11-20T16:38:10","date_gmt":"2025-11-20T16:38:10","guid":{"rendered":"https:\/\/www.europesays.com\/fr\/547217\/"},"modified":"2025-11-20T16:38:10","modified_gmt":"2025-11-20T16:38:10","slug":"depuis-toulouse-deux-jours-la-tete-dans-les-etoiles","status":"publish","type":"post","link":"https:\/\/www.europesays.com\/fr\/547217\/","title":{"rendered":"Depuis Toulouse, deux jours la t\u00eate dans les \u00e9toiles"},"content":{"rendered":"<p>Un festival Des \u00c9toiles et des ailes 2025 pas comme les autres. Cette dixi\u00e8me \u00e9dition marque en effet plusieurs dates symboliques\u00a0: les\u00a055\u00a0ans de l\u2019A\u00e9rospatiale\u00a0et d\u2019Airbus Industrie, les\u00a050\u00a0ans de l\u2019Agence spatiale europ\u00e9enne et elle\u00a0rend aussi\u00a0hommage \u00e0\u00a0Cl\u00e9ment Ader, figure majeure de l\u2019aviation, disparu \u00e0 Toulouse il y a cent ans. Alors, l\u2019association Des \u00c9toiles et des ailes, cr\u00e9atrice de cette biennale, organis\u00e9e en alternance avec le\u00a0meeting a\u00e9rien, a vu les choses en grand, en \u00e9cho \u00e0 ce que disait Antoine de Saint-Exup\u00e9ry\u00a0: \u00ab\u00a0la grandeur d\u2019un m\u00e9tier est avant tout d\u2019unir les hommes\u00a0\u00bb.<\/p>\n<p>Avec un budget de 120.000 euros, port\u00e9 par des investisseurs\u00a0priv\u00e9s et Toulouse M\u00e9tropole, l\u2019association, et ses soixante-dix membres b\u00e9n\u00e9voles, d\u00e9ploie sur deux jours une riche programmation pour tous les publics, parrain\u00e9e par\u00a0Bertrand Piccard.\u00a0En 2028, le scientifique pr\u00e9voit un tour du monde sans escale et sans \u00e9missions \u00e0 bord de Climate Impulse, un avion propuls\u00e9 \u00e0 l\u2019hydrog\u00e8ne vert. \u00c0 l\u2019ext\u00e9rieur du mus\u00e9e L\u2019Envol des pionniers, deux chapiteaux sont dress\u00e9s pour recevoir treize simulateurs de pilotage gratuits (le Rafale, l\u2019Alphajet de la Patrouille de France, le Mirage 1000&#8230;) et trois stands de drones.<\/p>\n<p>\u00ab\u00a0Rendre plus accessible la culture scientifique et a\u00e9ronautique\u00a0\u00bb<\/p>\n<p>Un salon du livre accueille une quarantaine d\u2019auteurs et b\u00e9d\u00e9istes.\u00a0Sept table-rondes sont\u00a0organis\u00e9es et des films projet\u00e9s au cin\u00e9ma UCG Montaudran, tels que Apollo 13 ou Top Gun Maverick. Pas moins de 8000 visiteurs sont attendus sur les deux jours. \u00ab\u00a0Nous avons volontairement propos\u00e9 un prix bas, 8 euros l\u2019entr\u00e9e valable les deux jours, qui permet aussi d\u2019acc\u00e9der gratuitement au mus\u00e9e et \u00e0 son exposition temporaire <a href=\"https:\/\/www.touleco.fr\/\u200bExposition-Le-voyage-un-luxe-pour-Air-France,45452\" class=\"spip_in\" rel=\"nofollow noopener\" target=\"_blank\">Air France, Une histoire d\u2019\u00e9l\u00e9gance<\/a>\u00ab\u00a0, explique Catherine Gay, pr\u00e9sidente et fondatrice de l\u2019association Des \u00c9toiles et des ailes.\u00a0\u00bbL\u2019objectif est de rendre plus accessible et transmettre la culture scientifique et a\u00e9ronautique aupr\u00e8s du grand public.\u00a0\u00bb<br class=\"autobr\"\/><br \/>\nAudrey Sommazi<\/p>\n<p>Sur la photo\u00a0: Le simulateur de pilotage gratuit. Cr\u00e9dits\u00a0: Des \u00e9toiles et des ailes.<\/p>\n","protected":false},"excerpt":{"rendered":"Un festival Des \u00c9toiles et des ailes 2025 pas comme les autres. Cette dixi\u00e8me \u00e9dition marque en effet&hellip;\n","protected":false},"author":2,"featured_media":547218,"comment_status":"","ping_status":"","sticky":false,"template":"","format":"standard","meta":{"footnotes":""},"categories":[2816],"tags":[1111,11,296,58931,1777,674,1011,27,52306,12,2680,25,671,2312],"class_list":{"0":"post-547217","1":"post","2":"type-post","3":"status-publish","4":"format-standard","5":"has-post-thumbnail","7":"category-toulouse","8":"tag-actu","9":"tag-actualites","10":"tag-aeronautique","11":"tag-envol-des-pionniers","12":"tag-eu","13":"tag-europe","14":"tag-fr","15":"tag-france","16":"tag-loisirs-et-attractions","17":"tag-news","18":"tag-occitanie","19":"tag-republique-francaise","20":"tag-spatial","21":"tag-toulouse"},"share_on_mastodon":{"url":"https:\/\/pubeurope.com\/@fr\/115583012305124985","error":""},"_links":{"self":[{"href":"https:\/\/www.europesays.com\/fr\/wp-json\/wp\/v2\/posts\/547217","targetHints":{"allow":["GET"]}}],"collection":[{"href":"https:\/\/www.europesays.com\/fr\/wp-json\/wp\/v2\/posts"}],"about":[{"href":"https:\/\/www.europesays.com\/fr\/wp-json\/wp\/v2\/types\/post"}],"author":[{"embeddable":true,"href":"https:\/\/www.europesays.com\/fr\/wp-json\/wp\/v2\/users\/2"}],"replies":[{"embeddable":true,"href":"https:\/\/www.europesays.com\/fr\/wp-json\/wp\/v2\/comments?post=547217"}],"version-history":[{"count":0,"href":"https:\/\/www.europesays.com\/fr\/wp-json\/wp\/v2\/posts\/547217\/revisions"}],"wp:featuredmedia":[{"embeddable":true,"href":"https:\/\/www.europesays.com\/fr\/wp-json\/wp\/v2\/media\/547218"}],"wp:attachment":[{"href":"https:\/\/www.europesays.com\/fr\/wp-json\/wp\/v2\/media?parent=547217"}],"wp:term":[{"taxonomy":"category","embeddable":true,"href":"https:\/\/www.europesays.com\/fr\/wp-json\/wp\/v2\/categories?post=547217"},{"taxonomy":"post_tag","embeddable":true,"href":"https:\/\/www.europesays.com\/fr\/wp-json\/wp\/v2\/tags?post=547217"}],"curies":[{"name":"wp","href":"https:\/\/api.w.org\/{rel}","templated":true}]}}