{"id":547221,"date":"2025-11-20T16:40:18","date_gmt":"2025-11-20T16:40:18","guid":{"rendered":"https:\/\/www.europesays.com\/fr\/547221\/"},"modified":"2025-11-20T16:40:18","modified_gmt":"2025-11-20T16:40:18","slug":"salon-des-vignerons-et-de-la-biere-boum-nouveautes-expos-que-faire-a-lille-et-autour-ce-week-end","status":"publish","type":"post","link":"https:\/\/www.europesays.com\/fr\/547221\/","title":{"rendered":"Salon des vignerons et de la bi\u00e8re, boum, nouveaut\u00e9s, expos\u2026 Que faire \u00e0 Lille et autour ce week-end\u00a0?"},"content":{"rendered":"<p>\n                        Le week-end des samedi\u00a022 et dimanche 23\u00a0novembre 2025 sera riche en \u00e9v\u00e9nements, \u00e0 Lille (Nord). Voici nos suggestions de sorties, pour les deux jours.                    <\/p>\n<dl class=\"ac-article-tag\">\n<dt>Sur le m\u00eame th\u00e8me<\/dt>\n<dd><a href=\"https:\/\/actu.fr\/tag\/famille\" data-trk=\"{&quot;cta&quot;:{&quot;action&quot;:&quot;Famille&quot;,&quot;category&quot;:&quot;tag&quot;,&quot;from&quot;:&quot;article footer&quot;,&quot;name&quot;:&quot;Famille&quot;,&quot;type&quot;:&quot;cta&quot;}}\" target=\"_blank\" rel=\"noopener\">Famille<\/a><\/dd>\n<\/dl>\n<p>                            Article r\u00e9serv\u00e9 aux abonn\u00e9s<br \/>\n                                                            <a href=\"https:\/\/moncompte.actu.fr\/kiosque\/paywall\/actu-lille_205f80d3-3d5f-4e64-896d-b75fbfbd939d\" title=\"Acc\u00e9dez \u00e0 nos offres d&#039;abonnement\" target=\"_blank\" rel=\"noopener\">S&rsquo;abonner<\/a><\/p>\n<p>    <img loading=\"lazy\"   decoding=\"async\" class=\"size-large\" src=\"https:\/\/www.europesays.com\/fr\/wp-content\/uploads\/2025\/11\/a6ed71340f1968aed71340f194eed7v-960x640.jpg\" alt=\"Salon des vignerons, bi\u00e8re, expos... Voici quelques id\u00e9es de sorties pour les 22 et 23 novembre 2025, autour de Lille (Nord).\" width=\"960\" height=\"640\"\/><br \/>\n    Salon des vignerons, bi\u00e8re, expos\u2026 Voici quelques id\u00e9es de sorties pour les 22 et 23\u00a0novembre 2025, autour de Lille (Nord). \u00a9Pixabay ; Florent Bertiaux pour Bi\u00e8re \u00e0 Lille ; (en bas) Lille actu                <\/p>\n","protected":false},"excerpt":{"rendered":"Le week-end des samedi\u00a022 et dimanche 23\u00a0novembre 2025 sera riche en \u00e9v\u00e9nements, \u00e0 Lille (Nord). Voici nos suggestions&hellip;\n","protected":false},"author":2,"featured_media":547222,"comment_status":"","ping_status":"","sticky":false,"template":"","format":"standard","meta":{"footnotes":""},"categories":[2815],"tags":[1111,11,1777,674,652,1011,27,811,1307,1652,12,25],"class_list":{"0":"post-547221","1":"post","2":"type-post","3":"status-publish","4":"format-standard","5":"has-post-thumbnail","7":"category-lille","8":"tag-actu","9":"tag-actualites","10":"tag-eu","11":"tag-europe","12":"tag-famille","13":"tag-fr","14":"tag-france","15":"tag-hauts-de-france","16":"tag-lille","17":"tag-loisirs-culture","18":"tag-news","19":"tag-republique-francaise"},"share_on_mastodon":{"url":"https:\/\/pubeurope.com\/@fr\/115583020978113557","error":""},"_links":{"self":[{"href":"https:\/\/www.europesays.com\/fr\/wp-json\/wp\/v2\/posts\/547221","targetHints":{"allow":["GET"]}}],"collection":[{"href":"https:\/\/www.europesays.com\/fr\/wp-json\/wp\/v2\/posts"}],"about":[{"href":"https:\/\/www.europesays.com\/fr\/wp-json\/wp\/v2\/types\/post"}],"author":[{"embeddable":true,"href":"https:\/\/www.europesays.com\/fr\/wp-json\/wp\/v2\/users\/2"}],"replies":[{"embeddable":true,"href":"https:\/\/www.europesays.com\/fr\/wp-json\/wp\/v2\/comments?post=547221"}],"version-history":[{"count":0,"href":"https:\/\/www.europesays.com\/fr\/wp-json\/wp\/v2\/posts\/547221\/revisions"}],"wp:featuredmedia":[{"embeddable":true,"href":"https:\/\/www.europesays.com\/fr\/wp-json\/wp\/v2\/media\/547222"}],"wp:attachment":[{"href":"https:\/\/www.europesays.com\/fr\/wp-json\/wp\/v2\/media?parent=547221"}],"wp:term":[{"taxonomy":"category","embeddable":true,"href":"https:\/\/www.europesays.com\/fr\/wp-json\/wp\/v2\/categories?post=547221"},{"taxonomy":"post_tag","embeddable":true,"href":"https:\/\/www.europesays.com\/fr\/wp-json\/wp\/v2\/tags?post=547221"}],"curies":[{"name":"wp","href":"https:\/\/api.w.org\/{rel}","templated":true}]}}