{"id":547230,"date":"2025-11-20T16:45:16","date_gmt":"2025-11-20T16:45:16","guid":{"rendered":"https:\/\/www.europesays.com\/fr\/547230\/"},"modified":"2025-11-20T16:45:16","modified_gmt":"2025-11-20T16:45:16","slug":"lyon-les-ecologistes-accelerent-la-plantation-massive-darbres-ces-secteurs-vont-changer","status":"publish","type":"post","link":"https:\/\/www.europesays.com\/fr\/547230\/","title":{"rendered":"Lyon. Les \u00e9cologistes acc\u00e9l\u00e8rent la plantation massive d&rsquo;arbres, ces secteurs vont changer"},"content":{"rendered":"<p>                    Par<br \/>\n        <strong><br \/>\n            <a href=\"https:\/\/actu.fr\/auteur\/julien-damboise\" title=\"Consulter tous les articles de Julien Damboise\" target=\"_blank\" rel=\"noopener\">Julien Damboise<\/a><br \/>\n                    <\/strong><\/p>\n<p>        Publi\u00e9 le<\/p>\n<p>            20 nov. 2025 \u00e0 17h40        <\/p>\n<p>Les habitants de <a href=\"https:\/\/actu.fr\/lyon\/\" target=\"_blank\" rel=\"noopener\">Lyon<\/a>, mais aussi de la M\u00e9tropole, vont voir <strong>de plus en plus de vert<\/strong> ces prochaines semaines. Puisque la saison froide est lanc\u00e9e, les jardiniers sont en train de <strong>planter des dizaines de milliers d\u2019arbres<\/strong>. Voici les prochains grands objectifs de la v\u00e9g\u00e9talisation massive voulue par les \u00e9cologistes.<\/p>\n<p>Un gros objectif<\/p>\n<p class=\" wall-content\">Selon le vice-pr\u00e9sident environnement, protection animale et pr\u00e9vention des risques de la M\u00e9tropole de Lyon, Pierre Athanaze, des plantations sont d\u00e9j\u00e0 en cours \u00ab\u00a0depuis une bonne dizaine de jours et au m\u00eame rythme que l\u2019ann\u00e9e derni\u00e8re\u00a0\u00bb \u00e0 travers les 58 communes de la M\u00e9tropole.<\/p>\n<p class=\" wall-content\">D\u00e9j\u00e0, on sait que l\u2019objectif final de 300 000 troncs en 2030, dont 10 000 \u00e0 Lyon promis par les \u00e9cologistes, doit \u00eatre d\u00e9pass\u00e9. Un total de <strong>250 000 arbres auront \u00e9t\u00e9 plant\u00e9s<\/strong> <strong>ces 6 derni\u00e8res ann\u00e9es<\/strong> : \u00ab\u00a0Ce qui a \u00e9t\u00e9 fait est sans commune mesure\u00a0\u00bb, explique de Pierre Athanaze, qui\u2029met en avant une nouvelle fa\u00e7on de faire depuis les arriv\u00e9es de Bruno Bernard et Gr\u00e9gory Doucet.<\/p>\n<p>    <img   decoding=\"async\" loading=\"lazy\" src=\"https:\/\/www.europesays.com\/fr\/wp-content\/uploads\/2025\/11\/vegetalisation-lyon-960x640.jpg\" alt=\"Un nouvel espace verts avec des arbres plant\u00e9s dans le 3e arrondissement de Lyon, \u00e0 la place de stationnements.\" width=\"960\" height=\"640\"\/><br \/>\n    Un nouvel espace vert avec des arbres plant\u00e9s dans le 3e arrondissement de Lyon, \u00e0 la place de stationnements. (\u00a9Nicolas Zaugra\/ actu Lyon)<\/p>\n<p class=\" wall-content\"><strong>Savez-vous planter ?<\/strong><\/p>\n<p class=\" wall-content\">Il explique avoir \u00ab\u00a0compl\u00e8tement revu la typologie des plantations avec, certes, des grands arbres, mais aussi des arbres de taille moyenne, des petits et grands arbustes, de la v\u00e9g\u00e9tation au sol, de mani\u00e8re \u00e0 ce qu\u2019on ait vraiment une <strong>masse de v\u00e9g\u00e9tation la plus importante<\/strong> possible\u00a0\u00bb.<\/p>\n<p class=\" wall-content\">Des plantations sur de longues bandes, et non plus isol\u00e9es : 80 % ont \u00e9t\u00e9 r\u00e9alis\u00e9es de cette mani\u00e8re durant le mandat, ce qui am\u00e8ne \u00ab\u00a0un taux de mortalit\u00e9 de 3% \u00e0 4% dans la M\u00e9tropole alors que la moyenne nationale est de 6% ou 8%\u00a0\u00bb.<\/p>\n<p class=\" wall-content\">La p\u00e9riode pour mettre en terre a aussi \u00e9t\u00e9 modifi\u00e9e pour n\u2019\u00eatre plus qu\u2019au moment propice, tout en faisant attention au vivant, soit actuellement.<\/p>\n<p>Votre r\u00e9gion, votre actu !<\/p>\n<p>Recevez chaque jour les infos qui comptent pour vous.<\/p>\n<p>\t<a href=\"https:\/\/actu.fr\/newsletter\" class=\"ac-btn ac-btn--corner ac-btn--medium ac-btn--blue800\" target=\"_blank\" rel=\"noopener\">S&rsquo;incrire<\/a><\/p>\n<p class=\" wall-content\"><strong>O\u00f9 seront les arbres ?<\/strong><\/p>\n<p class=\" wall-content\">En <a href=\"https:\/\/actu.fr\/tag\/presqu-ile\" target=\"_blank\" rel=\"noopener\">Presqu\u2019\u00eele<\/a>, la M\u00e9tropole avance le chiffre de <strong>400 nouveaux arbres<\/strong> d\u2019alignement comptabilis\u00e9s, toujours sans compter la strate basse et les arbustes. Cet hiver aussi, des parcelles doivent \u00eatre encore plant\u00e9es \u00e0 H\u00f4tel de Ville, apr\u00e8s l\u2019abattage d\u2019\u00e9rables \u00ab\u00a0\u00e0 bout\u00a0\u00bb.<\/p>\n<p class=\" wall-content\">D\u2019autres quartiers particuli\u00e8rement en chantier ces derniers mois vont aussi b\u00e9n\u00e9ficier de cette verdure, \u00e0 commencer par celui de la <a href=\"https:\/\/actu.fr\/tag\/lyon-part-dieu\" target=\"_blank\" rel=\"noopener\">Part-Dieu<\/a>. Cette-fois, ce sont 2 400 arbres qui vont \u00eatre plant\u00e9s cet hiver dans cette zone encore tr\u00e8s min\u00e9rale.<\/p>\n<p>    <img   decoding=\"async\" loading=\"lazy\" src=\"https:\/\/www.europesays.com\/fr\/wp-content\/uploads\/2025\/11\/rue-des-cuirassiers-lyon-part-dieu-vegetalisation-960x640.png\" alt=\"Au prix d'une voie de circulation et de stationnements supprim\u00e9s, la rue des Cuirassiers s'est vue dot\u00e9 de deux pistes cyclables et d'une bande v\u00e9g\u00e9tale de 600 m\u00b2.\" width=\"960\" height=\"640\"\/><br \/>\n    Au prix d\u2019une voie de circulation et de stationnements supprim\u00e9s, la rue des Cuirassiers a \u00e9t\u00e9 dot\u00e9e de deux pistes cyclables et d\u2019une bande v\u00e9g\u00e9tale de 600 m\u00b2. (\u00a9Th\u00e9o Zuili \/ actu Lyon)<\/p>\n<p class=\" wall-content\">Pour <strong>Garibaldi<\/strong>, dont les travaux titanesques sont toujours en cours, ce sont 126 arbres qui sont en cours de plantation apr\u00e8s un grand jardin inaugur\u00e9 il y a quelques jours.<\/p>\n<p class=\" wall-content\">Du c\u00f4t\u00e9 du 6\u1d49 arrondissement, c\u2019est la place Edgar-Quinet qui commence \u00e0 \u00eatre<a href=\"https:\/\/actu.fr\/auvergne-rhone-alpes\/lyon_69123\/lyon-les-travaux-sur-cette-grande-place-demarrent-le-lieu-va-changer-de-visage_63337034.html\" target=\"_blank\" rel=\"noopener\"> totalement r\u00e9am\u00e9nag\u00e9e,<\/a> avec une vingtaine d\u2019arbres promis pour une strate basse d\u2019une surface de 1 500 m\u00b2.<\/p>\n<p>    <img   decoding=\"async\" loading=\"lazy\" src=\"https:\/\/www.europesays.com\/fr\/wp-content\/uploads\/2025\/11\/img-9340-960x640.jpg\" alt=\"gregory-doucet-bruno-bernard-maire-de-lyon-president-metropole-de-grand-lyon-arbres-arbre-planter\" width=\"960\" height=\"640\"\/><br \/>\n    Un total de 250 000 arbres auront \u00e9t\u00e9 plant\u00e9s depuis les arriv\u00e9es de Bruno Bernard et Gr\u00e9gory Doucet \u00e0 la t\u00eate de la M\u00e9tropole et de la mairie de Lyon. (\u00a9AS \/ Archives Actu Lyon \/ Illustration)<\/p>\n<p class=\" wall-content\">Dans le bilan tir\u00e9 par la M\u00e9tropole, certains secteurs sont mis en avant, comme la darse de la <a href=\"https:\/\/actu.fr\/tag\/confluence\" target=\"_blank\" rel=\"noopener\">Confluence<\/a> : \u00ab\u00a0L\u2019\u00e9t\u00e9, c\u2019\u00e9tait un d\u00e9sert absolu, un v\u00e9ritable four : on se d\u00e9p\u00eachait vite de rentrer dans le centre commercial. On a l\u00e0-encore plant\u00e9 des fosses continues et au mois d\u2019ao\u00fbt, alors qu\u2019il faisait 41,8\u00b0C, il y avait du monde sous les arbres\u00a0\u00bb. Sur ce quartier du 2\u1d49 arrondissement, 1 400 arbres ont \u00e9t\u00e9 plant\u00e9s en quelques ann\u00e9es.<\/p>\n<p>Des plantations aussi dans la M\u00e9tropole<\/p>\n<p class=\" wall-content\">Dans toute la M\u00e9tropole, \u00ab\u00a0il y aura des plantations de partout\u00a0\u00bb, assure l\u2019\u00e9lu. Il y avait eu <strong>77 000 arbres de hiss\u00e9s l\u2019hiver dernier,<\/strong> \u00ab\u00a0plus que les quatre derniers mandats r\u00e9unis\u00a0\u00bb. Le rythme sera similaire cette ann\u00e9e.<\/p>\n<p class=\" wall-content\">Au d\u00e9but de l\u2019ann\u00e9e, d\u2019autres projets majeurs avaient \u00e9t\u00e9 inaugur\u00e9s ailleurs qu\u2019\u00e0 Lyon, comme la parcelle de<strong> 4 700 m\u00b2<\/strong> avec plus de 4 000 plants sur un terrain inoccup\u00e9 de Chassieu. Certains chantiers termin\u00e9s \u00e9taient rest\u00e9s sans plantation jusqu\u2019\u00e0 aujourd\u2019hui.<\/p>\n<blockquote class=\"ac-article-quote wall-content\">\n<p>Tout le monde retient ce qu&rsquo;il y a eu place Bellecour, (la non-v\u00e9g\u00e9talisation pourtant vot\u00e9e dans le budget participatif, ndlr) mais je suis \u00e0 la M\u00e9tropole, ce sont 58 communes. Notre politique de v\u00e9g\u00e9talisation est \u00e0 l&rsquo;\u00e9chelle de l&rsquo;agglom\u00e9ration et non pas de la Presqu&rsquo;\u00eele de Lyon. Mes enfants et petits-enfants seront sauv\u00e9s avec des degr\u00e9s en moins s&rsquo;il y a une strat\u00e9gie d&rsquo;ensemble.<\/p>\n<p>    <strong>Pierre Athanaze<\/strong><br \/>\n        Vice-pr\u00e9sident environnement, protection animale et pr\u00e9vention des risques \u00e0 la M\u00e9tropole de Lyon     <\/p><\/blockquote>\n<p class=\" wall-content\">Durant son mandat, la M\u00e9tropole se targue aussi d\u2019avoir accompagn\u00e9 292 r\u00e9sidences priv\u00e9es pour un total de 2 383 arbres et 24 489 arbustes plant\u00e9s, la plupart entre Lyon, <a href=\"https:\/\/actu.fr\/auvergne-rhone-alpes\/villeurbanne_69266\" target=\"_blank\" rel=\"noopener\">Villeurbanne<\/a> et Caluire.<\/p>\n<p class=\" wall-content\">Une dynamique que compte perp\u00e9tuer la collectivit\u00e9, en cas de r\u00e9\u00e9lection. Avant la proposition d\u2019un programme politique, Pierre Athanaze consid\u00e8re qu\u2019il faut maintenir \u00ab\u00a0une <strong>vitesse de croisi\u00e8re<\/strong> <strong>de 50 000 \u00e0 80 000 arbres<\/strong> plant\u00e9s tous les ans\u00a0\u00bb.<\/p>\n<p class=\" wall-content\">Personnalisez votre actualit\u00e9 en ajoutant vos villes et m\u00e9dias en favori avec <a href=\"https:\/\/moncompte.actu.fr\" title=\"D\u00e9couvez Mon Actu\" rel=\"nofollow noopener\" data-trk=\"{&quot;cta&quot;:{&quot;action&quot;:&quot;https:\\\/\\\/moncompte.actu.fr&quot;,&quot;category&quot;:&quot;mon compte&quot;,&quot;from&quot;:&quot;article footer&quot;,&quot;name&quot;:&quot;Mon actu&quot;,&quot;type&quot;:&quot;cta&quot;}}\" target=\"_blank\">Mon Actu<\/a>.<\/p>\n","protected":false},"excerpt":{"rendered":"Par Julien Damboise Publi\u00e9 le 20 nov. 2025 \u00e0 17h40 Les habitants de Lyon, mais aussi de la&hellip;\n","protected":false},"author":2,"featured_media":547231,"comment_status":"","ping_status":"","sticky":false,"template":"","format":"standard","meta":{"footnotes":""},"categories":[1889],"tags":[1111,11,2430,1777,674,1011,27,2428,12,2809,25,104,1352],"class_list":{"0":"post-547230","1":"post","2":"type-post","3":"status-publish","4":"format-standard","5":"has-post-thumbnail","7":"category-lyon","8":"tag-actu","9":"tag-actualites","10":"tag-auvergne-rhone-alpes","11":"tag-eu","12":"tag-europe","13":"tag-fr","14":"tag-france","15":"tag-lyon","16":"tag-news","17":"tag-presquile","18":"tag-republique-francaise","19":"tag-societe","20":"tag-urbanisme"},"share_on_mastodon":{"url":"https:\/\/pubeurope.com\/@fr\/115583040848018851","error":""},"_links":{"self":[{"href":"https:\/\/www.europesays.com\/fr\/wp-json\/wp\/v2\/posts\/547230","targetHints":{"allow":["GET"]}}],"collection":[{"href":"https:\/\/www.europesays.com\/fr\/wp-json\/wp\/v2\/posts"}],"about":[{"href":"https:\/\/www.europesays.com\/fr\/wp-json\/wp\/v2\/types\/post"}],"author":[{"embeddable":true,"href":"https:\/\/www.europesays.com\/fr\/wp-json\/wp\/v2\/users\/2"}],"replies":[{"embeddable":true,"href":"https:\/\/www.europesays.com\/fr\/wp-json\/wp\/v2\/comments?post=547230"}],"version-history":[{"count":0,"href":"https:\/\/www.europesays.com\/fr\/wp-json\/wp\/v2\/posts\/547230\/revisions"}],"wp:featuredmedia":[{"embeddable":true,"href":"https:\/\/www.europesays.com\/fr\/wp-json\/wp\/v2\/media\/547231"}],"wp:attachment":[{"href":"https:\/\/www.europesays.com\/fr\/wp-json\/wp\/v2\/media?parent=547230"}],"wp:term":[{"taxonomy":"category","embeddable":true,"href":"https:\/\/www.europesays.com\/fr\/wp-json\/wp\/v2\/categories?post=547230"},{"taxonomy":"post_tag","embeddable":true,"href":"https:\/\/www.europesays.com\/fr\/wp-json\/wp\/v2\/tags?post=547230"}],"curies":[{"name":"wp","href":"https:\/\/api.w.org\/{rel}","templated":true}]}}