{"id":547234,"date":"2025-11-20T16:48:16","date_gmt":"2025-11-20T16:48:16","guid":{"rendered":"https:\/\/www.europesays.com\/fr\/547234\/"},"modified":"2025-11-20T16:48:16","modified_gmt":"2025-11-20T16:48:16","slug":"lady-diana-princesse-des-coeurs-entre-au-musee-grevin-a-paris-dans-sa-revenge-dress","status":"publish","type":"post","link":"https:\/\/www.europesays.com\/fr\/547234\/","title":{"rendered":"Lady Diana, \u00ab\u00a0princesse des c\u0153urs\u00a0\u00bb, entre au mus\u00e9e Gr\u00e9vin \u00e0 Paris dans sa \u00ab\u00a0revenge dress\u00a0\u00bb"},"content":{"rendered":"<p>                    Par<br \/>\n        <strong><br \/>\n            <a href=\"https:\/\/actu.fr\/auteur\/redaction-paris\" title=\"Consulter tous les articles de R\u00e9daction Paris\" rel=\"nofollow noopener\" target=\"_blank\">R\u00e9daction Paris<\/a><br \/>\n                    <\/strong><\/p>\n<p>        Publi\u00e9 le<\/p>\n<p>            20 nov. 2025 \u00e0 17h23        <\/p>\n<p>Une nouvelle arrivante a fait son entr\u00e9e au <a href=\"https:\/\/actu.fr\/tag\/musee-grevin\" rel=\"nofollow noopener\" target=\"_blank\">mus\u00e9e Gr\u00e9vin<\/a>, ce jeudi 20 novembre 2025 : <a href=\"https:\/\/actu.fr\/ile-de-france\/paris_75056\/images-tournage-de-the-crown-reconstitution-a-paris-du-tragique-accident-de-lady-diana_54814437.html\" rel=\"nofollow noopener\" target=\"_blank\">Lady Diana<\/a>, princesse de Galles. La premi\u00e8re \u00e9pouse de l\u2019actuel <a href=\"https:\/\/actu.fr\/tag\/charles-iii\" rel=\"nofollow noopener\" target=\"_blank\">roi Charles III<\/a> a fait son entr\u00e9e dans une r\u00e9plique de sa c\u00e9l\u00e8bre <strong>\u00ab\u00a0revenge dress\u00a0\u00bb<\/strong>, ou \u00ab\u00a0robe de la vengeance\u00a0\u00bb.\u00a0<\/p>\n<p>La \u00ab\u00a0princesse des c\u0153urs\u00a0\u00bb dans sa \u00ab\u00a0revenge dress\u00a0\u00bb<\/p>\n<p class=\" wall-content\">La m\u00e8re des princes William et Harry \u00e9tait apparue v\u00eatue de cette robe noire d\u00e9collet\u00e9e sign\u00e9e <strong>Christina Stambolian<\/strong>,\u00a0un soir de juin 1994, dans la foul\u00e9e de la confession publique par le prince Charles de son infid\u00e9lit\u00e9.<\/p>\n<p class=\" wall-content\">\u00ab\u00a0Ce look audacieux, qui rompait avec les codes de la royaut\u00e9 britannique, a rapidement \u00e9t\u00e9 surnomm\u00e9 la \u00ab\u00a0Revenge Dress\u00a0\u00bb et interpr\u00e9t\u00e9 comme <strong>un acte de reconqu\u00eate de<\/strong> soi, une image puissante de f\u00e9minit\u00e9 affirm\u00e9e, de confiance retrouv\u00e9e et symbole de r\u00e9silience\u00a0\u00bb, souligne le mus\u00e9e.<\/p>\n<p class=\" wall-content\">La statue de cire de la \u00ab\u00a0princesse des c\u0153urs\u00a0\u00bb, <a href=\"https:\/\/actu.fr\/ile-de-france\/paris_75056\/il-y-a-25-ans-lady-diana-decedait-dans-un-accident-de-voiture-a-paris_53457823.html\" rel=\"nofollow noopener\" target=\"_blank\">d\u00e9c\u00e9d\u00e9e dans un accident de la route \u00e0 Paris<\/a> le 31 ao\u00fbt 1997 \u00e0 l\u2019\u00e2ge de 36 ans, a \u00e9t\u00e9 install\u00e9e sous la coupole de l\u2019institution parisienne, aux c\u00f4t\u00e9s des effigies de <strong>Jean-Paul<\/strong> <strong>Gaultier<\/strong>, <strong>Marie-Antoinette,<\/strong> <strong>Chantal Thomass<\/strong>, <a href=\"https:\/\/actu.fr\/ile-de-france\/paris_75056\/apres-le-parvis-de-l-academie-francaise-et-les-jo-de-paris-une-nouvelle-reconnaissance-pour-aya-nakamura_62766610.html\" rel=\"nofollow noopener\" target=\"_blank\">Aya Nakamura<\/a> et <a href=\"https:\/\/actu.fr\/ile-de-france\/paris_75056\/video-la-star-des-reseaux-sociaux-lena-situations-fait-son-entree-au-musee-grevin-a-paris_61955382.html\" rel=\"nofollow noopener\" target=\"_blank\">Lena Situations<\/a>.<\/p>\n<p>\u00ab\u00a0Aujourd\u2019hui encore, elle inspire les artistes\u00a0\u00bb<\/p>\n<p class=\" wall-content\">Son inauguration co\u00efncide avec les 30 ans d\u2019une interview explosive de <strong>\u00ab\u00a0Lady Di\u00a0\u00bb<\/strong> \u00e0 la BBC le 20 novembre 1995. \u00ab\u00a0Nous \u00e9tions trois dans ce mariage\u00a0\u00bb, avait-elle alors d\u00e9clar\u00e9, en r\u00e9f\u00e9rence \u00e0 la ma\u00eetresse de Charles, Camilla, qui deviendra sa deuxi\u00e8me \u00e9pouse. Diana avait, de son c\u00f4t\u00e9, reconnu une liaison.<\/p>\n<p class=\" wall-content\">Depuis, l\u2019entretien a fait l\u2019objet de<strong> vives critiques<\/strong>, pour la fa\u00e7on dont le journaliste Martin Bashir avait obtenu, par des m\u00e9thodes trompeuses, la confiance d\u2019une princesse d\u00e9j\u00e0 d\u00e9vor\u00e9e par le doute.<\/p>\n<p class=\" wall-content\">\u00ab\u00a0Diana reste une figure majeure de la pop culture mondiale, c\u00e9l\u00e9br\u00e9e pour <strong>son style, son humanit\u00e9 et son ind\u00e9pendance<\/strong>. Elle incarne ce m\u00e9lange unique de tradition, de modernit\u00e9 et d\u2019influence culturelle\u00a0\u00bb, ajoute le mus\u00e9e de cire.<\/p>\n<p>Votre r\u00e9gion, votre actu !<\/p>\n<p>Recevez chaque jour les infos qui comptent pour vous.<\/p>\n<p>\t<a href=\"https:\/\/actu.fr\/newsletter\" class=\"ac-btn ac-btn--corner ac-btn--medium ac-btn--blue800\" rel=\"nofollow noopener\" target=\"_blank\">S&rsquo;incrire<\/a><\/p>\n<p class=\" wall-content\">\u00ab\u00a0De son vivant, Lady Di fascinait d\u00e9j\u00e0. Aujourd\u2019hui encore, elle inspire les artistes, les cr\u00e9ateurs, les f\u00e9ministes, les jeunes g\u00e9n\u00e9rations, jusqu\u2019\u00e0 <a href=\"https:\/\/actu.fr\/tag\/tiktok\" rel=\"nofollow noopener\" target=\"_blank\">TikTok<\/a> o\u00f9 ses tenues, ses discours et ses <strong>engagements humanitaires<\/strong> sont massivement repris\u00a0\u00bb, rappelle encore l\u2019institution parisienne.<\/p>\n<p class=\" wall-content\">Le mus\u00e9e Gr\u00e9vin avait pris contact avec le secr\u00e9tariat de la princesse avant sa mort. Le projet, alors abandonn\u00e9, avait \u00e9t\u00e9 r\u00e9enclench\u00e9 derni\u00e8rement. Le mus\u00e9e Gr\u00e9vin pr\u00e9sente aussi le <strong>roi Charles III<\/strong> et sa m\u00e8re la reine Elizabeth II, sans la reine Camilla, dans la galerie des chefs d\u2019Etat, loin de Diana.<\/p>\n<p class=\" wall-content\">Avec AFP.<\/p>\n<p class=\" wall-content\">Personnalisez votre actualit\u00e9 en ajoutant vos villes et m\u00e9dias en favori avec <a href=\"https:\/\/moncompte.actu.fr\" title=\"D\u00e9couvez Mon Actu\" rel=\"nofollow noopener\" data-trk=\"{&quot;cta&quot;:{&quot;action&quot;:&quot;https:\\\/\\\/moncompte.actu.fr&quot;,&quot;category&quot;:&quot;mon compte&quot;,&quot;from&quot;:&quot;article footer&quot;,&quot;name&quot;:&quot;Mon actu&quot;,&quot;type&quot;:&quot;cta&quot;}}\" target=\"_blank\">Mon Actu<\/a>.<\/p>\n","protected":false},"excerpt":{"rendered":"Par R\u00e9daction Paris Publi\u00e9 le 20 nov. 2025 \u00e0 17h23 Une nouvelle arrivante a fait son entr\u00e9e au&hellip;\n","protected":false},"author":2,"featured_media":547235,"comment_status":"","ping_status":"","sticky":false,"template":"","format":"standard","meta":{"footnotes":""},"categories":[1888],"tags":[1111,1928,11,1927,581,1777,674,1011,27,1305,26049,12,1926,626,1925,25],"class_list":{"0":"post-547234","1":"post","2":"type-post","3":"status-publish","4":"format-standard","5":"has-post-thumbnail","7":"category-paris","8":"tag-actu","9":"tag-actu-paris","10":"tag-actualites","11":"tag-actualites-paris","12":"tag-charles-iii","13":"tag-eu","14":"tag-europe","15":"tag-fr","16":"tag-france","17":"tag-lifestyle","18":"tag-musee-grevin","19":"tag-news","20":"tag-news-paris","21":"tag-paris","22":"tag-paris-news","23":"tag-republique-francaise"},"share_on_mastodon":{"url":"https:\/\/pubeurope.com\/@fr\/115583051602756337","error":""},"_links":{"self":[{"href":"https:\/\/www.europesays.com\/fr\/wp-json\/wp\/v2\/posts\/547234","targetHints":{"allow":["GET"]}}],"collection":[{"href":"https:\/\/www.europesays.com\/fr\/wp-json\/wp\/v2\/posts"}],"about":[{"href":"https:\/\/www.europesays.com\/fr\/wp-json\/wp\/v2\/types\/post"}],"author":[{"embeddable":true,"href":"https:\/\/www.europesays.com\/fr\/wp-json\/wp\/v2\/users\/2"}],"replies":[{"embeddable":true,"href":"https:\/\/www.europesays.com\/fr\/wp-json\/wp\/v2\/comments?post=547234"}],"version-history":[{"count":0,"href":"https:\/\/www.europesays.com\/fr\/wp-json\/wp\/v2\/posts\/547234\/revisions"}],"wp:featuredmedia":[{"embeddable":true,"href":"https:\/\/www.europesays.com\/fr\/wp-json\/wp\/v2\/media\/547235"}],"wp:attachment":[{"href":"https:\/\/www.europesays.com\/fr\/wp-json\/wp\/v2\/media?parent=547234"}],"wp:term":[{"taxonomy":"category","embeddable":true,"href":"https:\/\/www.europesays.com\/fr\/wp-json\/wp\/v2\/categories?post=547234"},{"taxonomy":"post_tag","embeddable":true,"href":"https:\/\/www.europesays.com\/fr\/wp-json\/wp\/v2\/tags?post=547234"}],"curies":[{"name":"wp","href":"https:\/\/api.w.org\/{rel}","templated":true}]}}