{"id":547238,"date":"2025-11-20T16:51:16","date_gmt":"2025-11-20T16:51:16","guid":{"rendered":"https:\/\/www.europesays.com\/fr\/547238\/"},"modified":"2025-11-20T16:51:16","modified_gmt":"2025-11-20T16:51:16","slug":"leroy-merlin-ferme-deux-magasins-a-paris-pour-tester-les-petits-formats","status":"publish","type":"post","link":"https:\/\/www.europesays.com\/fr\/547238\/","title":{"rendered":"Leroy Merlin ferme deux magasins \u00e0 Paris pour tester les petits formats"},"content":{"rendered":"<p class=\"paragraph text_align_left lp-f-body-02\">\u00c0 quand remonte <a href=\"https:\/\/www.leparisien.fr\/economie\/consommation\/apres-la-bulle-enchantee-du-covid-castorama-et-leroy-merlin-serrent-la-vis-03-12-2024-7B5WAWLEXBB7LOUHCYGTYAVOA4.php\" target=\"_self\" rel=\"noopener\">la derni\u00e8re fermeture<\/a> d\u2019un magasin Leroy Merlin en France ? Lo\u00efc Porry, directeur r\u00e9gional de l\u2019enseigne de bricolage \u00e0 Paris, fouille sa m\u00e9moire en vain. Cela remonte \u00e0 loin. Voil\u00e0 pourquoi l\u2019annonce de ce jeudi 21 novembre aux repr\u00e9sentants du personnel de l\u2019enseigne de bricolage fait quelque peu tanguer les troupes.<\/p>\n<p class=\"paragraph text_align_left lp-f-body-02\">Lors d\u2019un comit\u00e9 social et \u00e9conomique central \u00e0 Lille (Nord), la direction du groupe, num\u00e9ro un du bricolage en France avec pr\u00e8s de 40 % de parts de march\u00e9 en 2024, a fait une annonce en apparence paradoxale. Elle veut renforcer son ancrage au sein de la capitale, en ouvrant de petites boutiques sp\u00e9cialis\u00e9es. Mais Leroy Merlin va, dans le m\u00eame temps, baisser le rideau de deux de ses quatre grands magasins parisiens, \u00ab structurellement d\u00e9ficitaires \u00bb, \u00e0 <a href=\"https:\/\/www.leparisien.fr\/seine-saint-denis-93\/la-greffe-na-pas-pris-les-salaries-de-la-bnp-actent-leur-depart-du-quartier-rosa-parks-sur-fond-dinsecurite-20-11-2025-42TTW4FRJVGLRASBW6FSAI2DFY.php\" target=\"_self\" rel=\"noopener\">Rosa-Parks (XIXe)<\/a> d\u00e8s le mois d\u2019avril 2026, puis \u00e0 Daumesnil (XIIe) en octobre \u2014 l\u2019un et l\u2019autre s\u2019\u00e9tendent chacun sur 6 000 m2 environ. Le magasin historique de Beaubourg (IIIe) et celui de la Madeleine (VIIIe) sont pr\u00e9serv\u00e9s et doivent subir des travaux de r\u00e9novation.<\/p>\n<p>20 nouveaux points de vente d\u2019ici \u00e0 2030<\/p>\n<p class=\"paragraph text_align_left lp-f-body-02\">\u00ab Nous faisons face \u00e0 un changement des modes de consommation, r\u00e9sume Lo\u00efc Porry. Les consommateurs ont une grande attente en termes de proximit\u00e9, de flexibilit\u00e9. \u00bb Dans une m\u00e9tropole comme Paris, Leroy Merlin veut donc se d\u00e9lester des charges li\u00e9es \u00e0 ses grandes surfaces et miser sur de petits points de vente sp\u00e9cialis\u00e9s, de 100 \u00e0 250 m2, orient\u00e9s soit vers la cuisine, soit vers la salle de bains ou la menuiserie. Un format que l\u2019enseigne teste d\u00e9j\u00e0 depuis deux ans, avec trois adresses \u00e0 Paris, dans le XVe, et une \u00e0 Boulogne (Hauts-de-Seine), o\u00f9 la client\u00e8le peut venir composer son mobilier de cuisine ou de salle de bains, avec prise en charge de sa livraison, voire de sa pose.<\/p>\n<p class=\"paragraph text_align_left lp-f-body-02\">\u00ab 90 % des clients qu\u2019on y re\u00e7oit r\u00e9sident dans un rayon de 1,5 km \u00bb, note Lo\u00efc Porry, qui veut \u00ab planter le drapeau Leroy Merlin dans un maximum d\u2019arrondissements \u00bb, \u00e0 commencer par trois ouvertures en 2026, dans les XIIIe et XIVe. Le groupe esp\u00e8re ouvrir 20 points de vente de ce format d\u2019ici \u00e0 2030. \u00ab Paris a toujours servi de laboratoire, et ce test pourrait conduire \u00e0 un plan d\u2019ouverture de boutiques sp\u00e9cialis\u00e9es dans les grandes villes de province \u00bb, ajoute Lo\u00efc Porry.<\/p>\n<p class=\"paragraph text_align_left lp-f-body-02\">Quant aux clients des magasins de Daumesnil (596 000 passages en caisse en 2024) et de Rosa-Parks (573 000 passages sur la m\u00eame p\u00e9riode), \u00ab une partie des flux devrait se r\u00e9orienter vers les magasins restants \u00bb.<\/p>\n<p>L\u2019avenir de 280 salari\u00e9s en suspens<\/p>\n<p class=\"paragraph text_align_left lp-f-body-02\">La cha\u00eene de bricolage rejoint ainsi le mouvement enclench\u00e9 par d\u2019autres enseignes sp\u00e9cialis\u00e9es, misant sur de petits points de vente pour s\u2019implanter en c\u0153ur de ville. C\u2019est le cas du concurrent Castorama, avec ses magasins Express. Ou de l\u2019<a href=\"https:\/\/www.leparisien.fr\/economie\/business\/pourquoi-decathlon-parie-sur-le-running-et-les-magasins-de-proximite-18-05-2025-5NC65P4IXRBWTBLQLGENRS5Z2Q.php\" target=\"_self\" rel=\"noopener\">enseigne de sport Decathlon<\/a> (appartenant \u00e0 la galaxie Mulliez comme Leroy Merlin).<\/p>\n<p class=\"paragraph text_align_left lp-f-body-02\">Que vont devenir les 280 employ\u00e9s des magasins vou\u00e9s \u00e0 fermer l\u2019an prochain ? L\u2019entreprise assure qu\u2019elle proposera des reclassements \u00e0 l\u2019int\u00e9gralit\u00e9 de son personnel, au sein de ses 26 magasins franciliens (dont une partie situ\u00e9e en premi\u00e8re couronne, \u00e0 Nanterre, Ivry-sur-Seine, Rosny, Gennevilliers\u2026) \u00ab L\u2019objectif est de proposer un poste \u00e0 tout le personnel \u00bb, assure Lo\u00efc Porry.<\/p>\n<p class=\"paragraph text_align_left lp-f-body-02\">Un point a toutefois suscit\u00e9 l\u2019\u00e9moi en CSE central : la direction a indiqu\u00e9 que les salari\u00e9s (qui font parfois d\u00e9j\u00e0 de longs trajets pour se rendre au travail) seraient prioritaires sur des reclassements en r\u00e9gion parisienne, \u00e0 Paris, voire au-del\u00e0. Mais qu\u2019en cas de refus des solutions propos\u00e9es, \u00ab le collaborateur pourra faire l\u2019objet d\u2019un licenciement pour motif disciplinaire. Cette option est inadmissible \u00bb, a r\u00e9agi la CFDT dans un communiqu\u00e9. \u00ab Ce n\u2019est pas la volont\u00e9 du groupe d\u2019en arriver l\u00e0 \u00bb, pr\u00e9cise de son c\u00f4t\u00e9 une porte-parole de l\u2019enseigne.<\/p>\n","protected":false},"excerpt":{"rendered":"\u00c0 quand remonte la derni\u00e8re fermeture d\u2019un magasin Leroy Merlin en France ? Lo\u00efc Porry, directeur r\u00e9gional de&hellip;\n","protected":false},"author":2,"featured_media":547239,"comment_status":"","ping_status":"","sticky":false,"template":"","format":"standard","meta":{"footnotes":""},"categories":[1888],"tags":[11,130,33,1777,674,1011,27,12,626,25],"class_list":{"0":"post-547238","1":"post","2":"type-post","3":"status-publish","4":"format-standard","5":"has-post-thumbnail","7":"category-paris","8":"tag-actualites","9":"tag-consommation","10":"tag-economie","11":"tag-eu","12":"tag-europe","13":"tag-fr","14":"tag-france","15":"tag-news","16":"tag-paris","17":"tag-republique-francaise"},"share_on_mastodon":{"url":"https:\/\/pubeurope.com\/@fr\/115583063456643880","error":""},"_links":{"self":[{"href":"https:\/\/www.europesays.com\/fr\/wp-json\/wp\/v2\/posts\/547238","targetHints":{"allow":["GET"]}}],"collection":[{"href":"https:\/\/www.europesays.com\/fr\/wp-json\/wp\/v2\/posts"}],"about":[{"href":"https:\/\/www.europesays.com\/fr\/wp-json\/wp\/v2\/types\/post"}],"author":[{"embeddable":true,"href":"https:\/\/www.europesays.com\/fr\/wp-json\/wp\/v2\/users\/2"}],"replies":[{"embeddable":true,"href":"https:\/\/www.europesays.com\/fr\/wp-json\/wp\/v2\/comments?post=547238"}],"version-history":[{"count":0,"href":"https:\/\/www.europesays.com\/fr\/wp-json\/wp\/v2\/posts\/547238\/revisions"}],"wp:featuredmedia":[{"embeddable":true,"href":"https:\/\/www.europesays.com\/fr\/wp-json\/wp\/v2\/media\/547239"}],"wp:attachment":[{"href":"https:\/\/www.europesays.com\/fr\/wp-json\/wp\/v2\/media?parent=547238"}],"wp:term":[{"taxonomy":"category","embeddable":true,"href":"https:\/\/www.europesays.com\/fr\/wp-json\/wp\/v2\/categories?post=547238"},{"taxonomy":"post_tag","embeddable":true,"href":"https:\/\/www.europesays.com\/fr\/wp-json\/wp\/v2\/tags?post=547238"}],"curies":[{"name":"wp","href":"https:\/\/api.w.org\/{rel}","templated":true}]}}