{"id":547240,"date":"2025-11-20T16:52:19","date_gmt":"2025-11-20T16:52:19","guid":{"rendered":"https:\/\/www.europesays.com\/fr\/547240\/"},"modified":"2025-11-20T16:52:19","modified_gmt":"2025-11-20T16:52:19","slug":"velos-en-libre-service-a-paris-avec-50-de-places-en-moins-les-usagers-galerent-pour-se-garer","status":"publish","type":"post","link":"https:\/\/www.europesays.com\/fr\/547240\/","title":{"rendered":"V\u00e9los en libre-service \u00e0 Paris\u00a0: avec 50\u00a0% de places en moins, les usagers gal\u00e8rent pour se garer"},"content":{"rendered":"<p class=\"paragraph text_align_left lp-f-body-02\">Fabien retournera dans le m\u00e9tro. \u00ab Un matin, j\u2019avais un rendez-vous et j\u2019\u00e9tais press\u00e9, raconte cet habitant du XVIIe arrondissement de Paris. J\u2019ai pris un v\u00e9lo Lime, car cela devait me prendre 15 minutes \u00e0 v\u00e9lo plut\u00f4t que 25 minutes en m\u00e9tro. Mais au moment de me garer sur un arceau pr\u00e8s de ma destination, impossible : l\u2019appli me dit que je dois aller ailleurs, alors que des places sont libres. J\u2019ai d\u00fb essayer un deuxi\u00e8me emplacement, puis un troisi\u00e8me ! \u00bb R\u00e9sultat, Fabien a perdu pr\u00e8s de 10 minutes et a d\u00fb payer son trajet quelques euros de plus.<\/p>\n<p class=\"paragraph text_align_left lp-f-body-02\">Ce type de m\u00e9saventure touche de plus en plus d\u2019usagers de <a href=\"https:\/\/www.leparisien.fr\/info-paris-ile-de-france-oise\/transports\/velos-en-libre-service-a-paris-les-operateurs-voi-dott-et-lime-retenus-par-la-ville-11-06-2025-HWL6XOML7FD33CYA4D7EXPNQDY.php\" target=\"_blank\" rel=\"noreferrer noopener\">Lime, Dott et Voi,<\/a> les v\u00e9los en libre-service \u00e0 Paris. Pourtant, leur flotte totale, d\u2019environ 18 000 engins, n\u2019a pas augment\u00e9. Mais depuis le 1er octobre, la Ville de Paris a impos\u00e9 des r\u00e8gles de stationnement plus contraignantes dans le contrat de 4 ans sign\u00e9 avec les trois op\u00e9rateurs.<\/p>\n<p class=\"paragraph text_align_left lp-f-body-02\">D\u00e9sormais, lorsqu\u2019il y a entre un et trois arceaux, c\u2019est-\u00e0-dire six places pour v\u00e9los, le stationnement est interdit pour les engins en libre-service. De quatre \u00e0 cinq arceaux, un v\u00e9lo en libre-service par op\u00e9rateur peut stationner. De six \u00e0 huit arceaux, c\u2019est deux v\u00e9los. De neuf \u00e0 onze arceaux, trois, etc. Les applis emp\u00eachent donc &#8211; en th\u00e9orie &#8211; le cycliste de se garer dans ces espaces si le seuil maximal est atteint.<\/p>\n<p><img decoding=\"async\" class=\"image \" loading=\"lazy\" src=\"https:\/\/www.europesays.com\/fr\/wp-content\/uploads\/2025\/09\/RXSCKJKXCNFFRAIADTW3LL3ZAI.jpg\" alt=\"\" align=\"\" data-rubrique-principale=\"\" data-article-type=\"\" fetchpriority=\"auto\"\/><\/p>\n<p class=\"paragraph text_align_left lp-f-body-02\">Cons\u00e9quence de ces nouvelles restrictions, les usagers de v\u00e9los partag\u00e9s ne savent plus o\u00f9 finir leurs courses. \u00ab Nous observons effectivement une baisse notable de la disponibilit\u00e9 des emplacements de stationnement pour nos utilisateurs \u00bb, confirme-t-on chez Lime alors que, dans le m\u00eame temps, le nouveau contrat des op\u00e9rateurs pr\u00e9voit de doubler la redevance revers\u00e9e \u00e0 la Ville.<\/p>\n<p class=\"paragraph text_align_left lp-f-body-02\">Math\u00e9matiquement, les nouvelles r\u00e8gles suppriment 22 % de zones de stationnement, \u00e0 commencer par tous les \u00ab petits \u00bb emplacements de trois arceaux. Cumul\u00e9es, ces zones interdites repr\u00e9sentent \u00ab plus de 50 % des places \u00bb qui \u00e9taient disponibles auparavant, comptabilisent Lime et Dott.<\/p>\n<p>\u00ab Un probl\u00e8me dans les zones denses \u00bb<\/p>\n<p class=\"paragraph text_align_left lp-f-body-02\">\u00ab Cela touche surtout les zones tr\u00e8s denses, rapidement satur\u00e9es, note Maggie Gerbeaux, directrice des affaires publiques chez Dott. Avant, nous avions environ 1 % des emplacements qui \u00e9taient satur\u00e9s, et qui obligeaient les clients \u00e0 trouver un autre endroit pour finir leur trajet. Depuis octobre, on est pass\u00e9 \u00e0 5 %. Ce sont donc cinq fois plus de clients dans cette situation chaque jour. Notre service clients est tr\u00e8s sollicit\u00e9 par des usagers qui ne comprennent pas pourquoi ils ne peuvent pas se garer alors qu\u2019il y a des arceaux vides devant eux. \u00bb<\/p>\n<p class=\"paragraph text_align_left lp-f-body-02\">Les applications sont cens\u00e9es informer les clients et leur sugg\u00e9rer des emplacements autoris\u00e9s. \u00ab M\u00eame si notre application indique en temps r\u00e9el les zones de stationnement disponibles, beaucoup d\u2019usagers ignorent encore que certains arceaux, pourtant libres, leur sont d\u00e9sormais interdits \u00bb, constate Lime. Et parfois, les zones de stationnement indiqu\u00e9es comme disponibles ne le sont pas, comme l\u2019a subi Fabien le jour de sa m\u00e9saventure.<\/p>\n<p class=\"paragraph text_align_left lp-f-body-02\">Autre probl\u00e8me : les 2500 \u00ab zones partag\u00e9es remisage \u00bb (ZPR), cr\u00e9\u00e9es en 2020 pour les trottinettes et les v\u00e9los, ne sont pas dot\u00e9es d\u2019arceaux. Elles sont donc tr\u00e8s souvent occup\u00e9es par des voitures ou des scooters. Ce qui r\u00e9duit encore la quantit\u00e9 d\u2019espaces pour mettre fin \u00e0 une course.<\/p>\n<p class=\"paragraph text_align_left lp-f-body-02\">\u00ab La Ville n\u2019a pas retir\u00e9 de possibilit\u00e9 de stationnement pour les v\u00e9los en free-floating, r\u00e9pond David Belliard (Les Ecologistes), l\u2019adjoint aux mobilit\u00e9s. Les zones de remisage sont toujours \u00e0 disposition avec plus de 17 000 places pour 6000 v\u00e9los par op\u00e9rateur. La nouveaut\u00e9, c\u2019est qu\u2019on ne laisse plus les v\u00e9los se garer sur des lin\u00e9aires entiers d\u2019arceaux pour permettre aux Parisiens d\u2019y garer aussi les leurs. Seuls un tiers des arceaux sont dor\u00e9navant utilisables par les v\u00e9los en libre-service. \u00bb<\/p>\n<p>Des v\u00e9los en libre service trop encombrants<\/p>\n<p class=\"paragraph text_align_left lp-f-body-02\">Les Parisiens se plaignent souvent, en effet, de ne plus pouvoir garer leur monture sur des parkings envahis par les imposants v\u00e9los en libre-service. Leur plainte est remont\u00e9e jusqu\u2019au Conseil de Paris, en f\u00e9vrier dernier. \u00ab Ces v\u00e9los sont lourds et larges. Ils encombrent g\u00e9n\u00e9ralement deux emplacements, alors qu\u2019ils n\u2019ont pas besoin d\u2019emplacements s\u00e9curis\u00e9s \u00bb, d\u00e9plorait Maud Gatel, patronne du groupe MoDem et ind\u00e9pendants.<\/p>\n<p class=\"paragraph text_align_left lp-f-body-02\">Alors que plus de 12 % des d\u00e9placements se font aujourd\u2019hui \u00e0 v\u00e9lo dans la capitale, selon une \u00e9tude de l\u2019Institut Paris r\u00e9gion, il existe un peu moins de <a href=\"https:\/\/www.leparisien.fr\/info-paris-ile-de-france-oise\/transports\/carte-ou-trouver-un-arceau-pour-attacher-son-velo-en-ile-de-france-19-05-2020-8319597.php\" rel=\"noopener\" target=\"_blank\">120 000 arceaux<\/a>. Selon un d\u00e9compte de l\u2019association Paris en Selle, les arrondissements sont tr\u00e8s diversement dot\u00e9s. Paris Centre en dispose de pr\u00e8s de 14 000, tandis que les VIIe, VIIIe et VIe sont les moins bien dot\u00e9s, avec moins de 5000 unit\u00e9s.<\/p>\n<p class=\"paragraph text_align_left lp-f-body-02\">Les entreprises et la municipalit\u00e9 doivent se r\u00e9unir en d\u00e9cembre pour dresser un \u00e9tat des lieux. \u00ab Nous sugg\u00e9rons d\u2019augmenter le nombre de places autoris\u00e9es dans les secteurs les plus satur\u00e9s \u00bb, indique Dott. Tous esp\u00e8rent trouver des solutions d\u2019ici le printemps, quand le nombre de courses grimpe en fl\u00e8che. David Belliard, lui, reste ferme : \u00ab On ne reviendra pas sur ce cadre. Mais si la situation devient trop contraignante, on pourra installer davantage d\u2019arceaux. \u00bb<\/p>\n","protected":false},"excerpt":{"rendered":"Fabien retournera dans le m\u00e9tro. \u00ab Un matin, j\u2019avais un rendez-vous et j\u2019\u00e9tais press\u00e9, raconte cet habitant du&hellip;\n","protected":false},"author":2,"featured_media":547241,"comment_status":"","ping_status":"","sticky":false,"template":"","format":"standard","meta":{"footnotes":""},"categories":[1888],"tags":[11,1777,674,1011,27,1944,12,626,25,2382],"class_list":{"0":"post-547240","1":"post","2":"type-post","3":"status-publish","4":"format-standard","5":"has-post-thumbnail","7":"category-paris","8":"tag-actualites","9":"tag-eu","10":"tag-europe","11":"tag-fr","12":"tag-france","13":"tag-ma-ville","14":"tag-news","15":"tag-paris","16":"tag-republique-francaise","17":"tag-transport-idf-oise"},"share_on_mastodon":{"url":"https:\/\/pubeurope.com\/@fr\/115583067902410466","error":""},"_links":{"self":[{"href":"https:\/\/www.europesays.com\/fr\/wp-json\/wp\/v2\/posts\/547240","targetHints":{"allow":["GET"]}}],"collection":[{"href":"https:\/\/www.europesays.com\/fr\/wp-json\/wp\/v2\/posts"}],"about":[{"href":"https:\/\/www.europesays.com\/fr\/wp-json\/wp\/v2\/types\/post"}],"author":[{"embeddable":true,"href":"https:\/\/www.europesays.com\/fr\/wp-json\/wp\/v2\/users\/2"}],"replies":[{"embeddable":true,"href":"https:\/\/www.europesays.com\/fr\/wp-json\/wp\/v2\/comments?post=547240"}],"version-history":[{"count":0,"href":"https:\/\/www.europesays.com\/fr\/wp-json\/wp\/v2\/posts\/547240\/revisions"}],"wp:featuredmedia":[{"embeddable":true,"href":"https:\/\/www.europesays.com\/fr\/wp-json\/wp\/v2\/media\/547241"}],"wp:attachment":[{"href":"https:\/\/www.europesays.com\/fr\/wp-json\/wp\/v2\/media?parent=547240"}],"wp:term":[{"taxonomy":"category","embeddable":true,"href":"https:\/\/www.europesays.com\/fr\/wp-json\/wp\/v2\/categories?post=547240"},{"taxonomy":"post_tag","embeddable":true,"href":"https:\/\/www.europesays.com\/fr\/wp-json\/wp\/v2\/tags?post=547240"}],"curies":[{"name":"wp","href":"https:\/\/api.w.org\/{rel}","templated":true}]}}