{"id":547242,"date":"2025-11-20T16:53:25","date_gmt":"2025-11-20T16:53:25","guid":{"rendered":"https:\/\/www.europesays.com\/fr\/547242\/"},"modified":"2025-11-20T16:53:25","modified_gmt":"2025-11-20T16:53:25","slug":"en-russie-plus-de-permis-de-sejour-sans-contrat-avec-larmee","status":"publish","type":"post","link":"https:\/\/www.europesays.com\/fr\/547242\/","title":{"rendered":"En Russie, plus de permis de s\u00e9jour sans contrat avec l\u2019arm\u00e9e"},"content":{"rendered":"<p>                     <img loading=\"lazy\" decoding=\"async\" src=\"https:\/\/www.europesays.com\/fr\/wp-content\/uploads\/2025\/11\/c0c5c75_ftp-import-images-1-wmabr9drqhsz-ec85955424254d1c8909675fcad823c8-0-28900da5295d4360a66059c5.jpeg\" alt=\"Le pr\u00e9sident russe, Vladimir Poutine, \u00e0 Moscou, le 20\u00a0novembre 2025.\"   width=\"664\" height=\"443\"\/>    Le pr\u00e9sident russe, Vladimir Poutine, \u00e0 Moscou, le 20\u00a0novembre 2025.  GAVRIIL GRIGOROV\/AP                 <\/p>\n<p class=\"article__paragraph  \">L\u2019oukase du Kremlin est formel. Tout ressortissant \u00e9tranger de sexe masculin entre 18 et 65\u00a0ans est d\u00e9sormais pr\u00e9venu\u00a0: pour s\u2019installer en Russie, il devra signer un contrat d\u2019au moins un an avec l\u2019arm\u00e9e. Pr\u00e8s de quatre ans apr\u00e8s l\u2019invasion \u00e0 grande \u00e9chelle de l\u2019Ukraine, les autorit\u00e9s multiplient les sources de recrutement d\u2019hommes oblig\u00e9s de partir combattre au front. D\u00e8s le d\u00e9but de la guerre, les \u00e9migr\u00e9s originaires du Caucase et d\u2019Asie centrale avaient \u00e9t\u00e9 cibl\u00e9s. L\u2019absence de papiers d\u2019identit\u00e9 officiels ou la n\u00e9cessit\u00e9 de renouveler les cartes de r\u00e9sidence les mettaient dans une situation de d\u00e9pendance virant rapidement au chantage. Des milliers d\u2019employ\u00e9s de restaurants ou de chauffeurs de taxi ont ainsi \u00e9t\u00e9 contraints de partir au front. Et des migrants en situation irr\u00e9guli\u00e8re, menac\u00e9s d\u2019expulsion, ont \u00e9t\u00e9 envoy\u00e9s dans un centre de r\u00e9tention, forc\u00e9s de signer un contrat avec le minist\u00e8re de la d\u00e9fense.<\/p>\n<p>   Lire plus tard  <\/p>\n<p class=\"article__paragraph  \">L\u2019oukase 821, sign\u00e9 le 5\u00a0novembre par Vladimir Poutine, \u00e9largit et officialise ce recrutement militaire forc\u00e9\u00a0: l\u2019obtention d\u2019un permis de s\u00e9jour, et plus tard \u00e9ventuellement d\u2019un passeport, est dor\u00e9navant conditionn\u00e9e \u00e0 un engagement d\u2019aller au front. Ce nouveau d\u00e9cret exige des candidats, en plus des multiples formalit\u00e9s administratives habituelles, l\u2019un des trois documents suivants\u00a0: un contrat d\u2019au moins un an avec les forces arm\u00e9es russes, un certificat de d\u00e9mobilisation ou un certificat m\u00e9dical d\u2019inaptitude au service militaire.<\/p>\n<p class=\"reading-mode-only \"><strong>Il vous reste 57.16% de cet article \u00e0 lire. La suite est r\u00e9serv\u00e9e aux abonn\u00e9s.<\/strong><\/p>\n","protected":false},"excerpt":{"rendered":"Le pr\u00e9sident russe, Vladimir Poutine, \u00e0 Moscou, le 20\u00a0novembre 2025. GAVRIIL GRIGOROV\/AP L\u2019oukase du Kremlin est formel. Tout&hellip;\n","protected":false},"author":2,"featured_media":547243,"comment_status":"","ping_status":"","sticky":false,"template":"","format":"standard","meta":{"footnotes":""},"categories":[1591],"tags":[11,1887,12,1885,1886,132],"class_list":{"0":"post-547242","1":"post","2":"type-post","3":"status-publish","4":"format-standard","5":"has-post-thumbnail","7":"category-russie","8":"tag-actualites","9":"tag-federation-de-russie","10":"tag-news","11":"tag-russia","12":"tag-russian-federation","13":"tag-russie"},"share_on_mastodon":{"url":"https:\/\/pubeurope.com\/@fr\/115583071990842682","error":""},"_links":{"self":[{"href":"https:\/\/www.europesays.com\/fr\/wp-json\/wp\/v2\/posts\/547242","targetHints":{"allow":["GET"]}}],"collection":[{"href":"https:\/\/www.europesays.com\/fr\/wp-json\/wp\/v2\/posts"}],"about":[{"href":"https:\/\/www.europesays.com\/fr\/wp-json\/wp\/v2\/types\/post"}],"author":[{"embeddable":true,"href":"https:\/\/www.europesays.com\/fr\/wp-json\/wp\/v2\/users\/2"}],"replies":[{"embeddable":true,"href":"https:\/\/www.europesays.com\/fr\/wp-json\/wp\/v2\/comments?post=547242"}],"version-history":[{"count":0,"href":"https:\/\/www.europesays.com\/fr\/wp-json\/wp\/v2\/posts\/547242\/revisions"}],"wp:featuredmedia":[{"embeddable":true,"href":"https:\/\/www.europesays.com\/fr\/wp-json\/wp\/v2\/media\/547243"}],"wp:attachment":[{"href":"https:\/\/www.europesays.com\/fr\/wp-json\/wp\/v2\/media?parent=547242"}],"wp:term":[{"taxonomy":"category","embeddable":true,"href":"https:\/\/www.europesays.com\/fr\/wp-json\/wp\/v2\/categories?post=547242"},{"taxonomy":"post_tag","embeddable":true,"href":"https:\/\/www.europesays.com\/fr\/wp-json\/wp\/v2\/tags?post=547242"}],"curies":[{"name":"wp","href":"https:\/\/api.w.org\/{rel}","templated":true}]}}