{"id":547244,"date":"2025-11-20T16:54:48","date_gmt":"2025-11-20T16:54:48","guid":{"rendered":"https:\/\/www.europesays.com\/fr\/547244\/"},"modified":"2025-11-20T16:54:48","modified_gmt":"2025-11-20T16:54:48","slug":"le-plan-de-paix-en-28-points-de-washington-met-lukraine-sous-pression","status":"publish","type":"post","link":"https:\/\/www.europesays.com\/fr\/547244\/","title":{"rendered":"Le \u00abplan de paix\u00bb en 28 points de Washington met l\u2019Ukraine sous pression"},"content":{"rendered":"<p>    R\u00e9sum\u00e9 en 20 secondes<\/p>\n<p>        En savoir plus sur ce type de contenu<\/p>\n<p>Ce r\u00e9sum\u00e9 peut avoir \u00e9t\u00e9 \u00e9crit avec l&rsquo;assistance d\u2019une IA g\u00e9n\u00e9rative. <a href=\"https:\/\/www.letemps.ch\/cyber\/l-usage-de-l-ia-generative-par-les-journalistes-du-temps\" target=\"_blank\" rel=\"noopener\">En savoir plus<\/a><\/p>\n<p class=\"article__abstract-call-to-action\" data-ariato=\"TrackableElement\" data-trackable-element-type=\"article_abstract_cta\" data-trackable-element-location=\"article_header\" data-trackable-element-id=\"512774\">\n        <a data-event=\"click-&gt;clicked\" href=\"https:\/\/www.letemps.ch\/abonnements\" target=\"_blank\" rel=\"noopener\">Abonnez-vous<\/a> pour acc\u00e9der au r\u00e9sum\u00e9 en 20 secondes.\n      <\/p>\n<p>C\u2019est une proposition en 28 points aux airs de liste de No\u00ebl pour Moscou. Mais surtout de capitulation pour Kiev. Mercredi, alors que l\u2019Ukraine subissait l\u2019une des frappes russes les plus meurtri\u00e8res de l\u2019ann\u00e9e, plusieurs m\u00e9dias ont fait \u00e9tat d\u2019un \u00abplan\u00bb \u00e9labor\u00e9 par les \u00e9missaires des Etats-Unis et de la Russie, sans l\u2019Ukraine, ni les Europ\u00e9ens. Kiev a confirm\u00e9 avoir re\u00e7u \u00abun projet de plan\u00bb de Washington.<\/p>\n<p><a href=\"https:\/\/www.axios.com\/2025\/11\/19\/ukraine-peace-plan-trump-russia-witkoff?utm_source=chatgpt.com\" rel=\"nofollow noopener\" target=\"_blank\">Selon Axios<\/a>, premier m\u00e9dia \u00e0 r\u00e9v\u00e9ler l\u2019information, ce plan se d\u00e9clinerait en quatre axes principaux: la paix en Ukraine, les garanties de s\u00e9curit\u00e9, la s\u00e9curit\u00e9 en Europe et les futures relations des \u00c9tats-Unis avec la Russie et l\u2019Ukraine. Et poserait des conditions largement d\u00e9favorables \u00e0 l\u2019Ukraine.<\/p>\n","protected":false},"excerpt":{"rendered":"R\u00e9sum\u00e9 en 20 secondes En savoir plus sur ce type de contenu Ce r\u00e9sum\u00e9 peut avoir \u00e9t\u00e9 \u00e9crit&hellip;\n","protected":false},"author":2,"featured_media":547245,"comment_status":"","ping_status":"","sticky":false,"template":"","format":"standard","meta":{"footnotes":""},"categories":[1590],"tags":[11,73,1777,674,12,301,132,220],"class_list":{"0":"post-547244","1":"post","2":"type-post","3":"status-publish","4":"format-standard","5":"has-post-thumbnail","7":"category-ukraine","8":"tag-actualites","9":"tag-etats-unis","10":"tag-eu","11":"tag-europe","12":"tag-news","13":"tag-premium","14":"tag-russie","15":"tag-ukraine"},"share_on_mastodon":{"url":"https:\/\/pubeurope.com\/@fr\/115583079098966223","error":""},"_links":{"self":[{"href":"https:\/\/www.europesays.com\/fr\/wp-json\/wp\/v2\/posts\/547244","targetHints":{"allow":["GET"]}}],"collection":[{"href":"https:\/\/www.europesays.com\/fr\/wp-json\/wp\/v2\/posts"}],"about":[{"href":"https:\/\/www.europesays.com\/fr\/wp-json\/wp\/v2\/types\/post"}],"author":[{"embeddable":true,"href":"https:\/\/www.europesays.com\/fr\/wp-json\/wp\/v2\/users\/2"}],"replies":[{"embeddable":true,"href":"https:\/\/www.europesays.com\/fr\/wp-json\/wp\/v2\/comments?post=547244"}],"version-history":[{"count":0,"href":"https:\/\/www.europesays.com\/fr\/wp-json\/wp\/v2\/posts\/547244\/revisions"}],"wp:featuredmedia":[{"embeddable":true,"href":"https:\/\/www.europesays.com\/fr\/wp-json\/wp\/v2\/media\/547245"}],"wp:attachment":[{"href":"https:\/\/www.europesays.com\/fr\/wp-json\/wp\/v2\/media?parent=547244"}],"wp:term":[{"taxonomy":"category","embeddable":true,"href":"https:\/\/www.europesays.com\/fr\/wp-json\/wp\/v2\/categories?post=547244"},{"taxonomy":"post_tag","embeddable":true,"href":"https:\/\/www.europesays.com\/fr\/wp-json\/wp\/v2\/tags?post=547244"}],"curies":[{"name":"wp","href":"https:\/\/api.w.org\/{rel}","templated":true}]}}