{"id":547246,"date":"2025-11-20T16:56:16","date_gmt":"2025-11-20T16:56:16","guid":{"rendered":"https:\/\/www.europesays.com\/fr\/547246\/"},"modified":"2025-11-20T16:56:16","modified_gmt":"2025-11-20T16:56:16","slug":"usa-les-stocks-hebdomadaires-de-gaz-diminuent-plus-quescompte","status":"publish","type":"post","link":"https:\/\/www.europesays.com\/fr\/547246\/","title":{"rendered":"USA : les stocks hebdomadaires de gaz diminuent plus qu&rsquo;escompt\u00e9"},"content":{"rendered":"<p>(AOF) &#8211; La semaine derni\u00e8re, les stocks am\u00e9ricains de gaz naturel ont recul\u00e9 de 14 milliards de pieds cubes, contre une pr\u00e9vision \u00e0 -12 milliards de pieds cubes et une hausse pr\u00e9c\u00e9dente de 45 milliards de pieds cubes. Les stocks \u00e9taient inf\u00e9rieurs de 23 milliards de pieds cubes \u00e0 ceux de l&rsquo;ann\u00e9e derni\u00e8re \u00e0 la m\u00eame p\u00e9riode et sup\u00e9rieurs de 146 milliards de pieds cubes \u00e0 la moyenne quinquennale de 3 800 milliards de pieds cubes. \u00c0 3 946 milliards de pieds cubes, le volume total de gaz en activit\u00e9 se situe dans la fourchette historique des cinq derni\u00e8res ann\u00e9es.<\/p>\n","protected":false},"excerpt":{"rendered":"(AOF) &#8211; La semaine derni\u00e8re, les stocks am\u00e9ricains de gaz naturel ont recul\u00e9 de 14 milliards de pieds&hellip;\n","protected":false},"author":2,"featured_media":16694,"comment_status":"","ping_status":"","sticky":false,"template":"","format":"standard","meta":{"footnotes":""},"categories":[1589],"tags":[11,73,1866,12,1864,1865,1863,308],"class_list":{"0":"post-547246","1":"post","2":"type-post","3":"status-publish","4":"format-standard","5":"has-post-thumbnail","7":"category-etats-unis","8":"tag-actualites","9":"tag-etats-unis","10":"tag-etats-unis-damerique","11":"tag-news","12":"tag-united-states","13":"tag-united-states-of-america","14":"tag-us","15":"tag-usa"},"share_on_mastodon":{"url":"https:\/\/pubeurope.com\/@fr\/115583083164161380","error":""},"_links":{"self":[{"href":"https:\/\/www.europesays.com\/fr\/wp-json\/wp\/v2\/posts\/547246","targetHints":{"allow":["GET"]}}],"collection":[{"href":"https:\/\/www.europesays.com\/fr\/wp-json\/wp\/v2\/posts"}],"about":[{"href":"https:\/\/www.europesays.com\/fr\/wp-json\/wp\/v2\/types\/post"}],"author":[{"embeddable":true,"href":"https:\/\/www.europesays.com\/fr\/wp-json\/wp\/v2\/users\/2"}],"replies":[{"embeddable":true,"href":"https:\/\/www.europesays.com\/fr\/wp-json\/wp\/v2\/comments?post=547246"}],"version-history":[{"count":0,"href":"https:\/\/www.europesays.com\/fr\/wp-json\/wp\/v2\/posts\/547246\/revisions"}],"wp:featuredmedia":[{"embeddable":true,"href":"https:\/\/www.europesays.com\/fr\/wp-json\/wp\/v2\/media\/16694"}],"wp:attachment":[{"href":"https:\/\/www.europesays.com\/fr\/wp-json\/wp\/v2\/media?parent=547246"}],"wp:term":[{"taxonomy":"category","embeddable":true,"href":"https:\/\/www.europesays.com\/fr\/wp-json\/wp\/v2\/categories?post=547246"},{"taxonomy":"post_tag","embeddable":true,"href":"https:\/\/www.europesays.com\/fr\/wp-json\/wp\/v2\/tags?post=547246"}],"curies":[{"name":"wp","href":"https:\/\/api.w.org\/{rel}","templated":true}]}}