{"id":547247,"date":"2025-11-20T16:57:14","date_gmt":"2025-11-20T16:57:14","guid":{"rendered":"https:\/\/www.europesays.com\/fr\/547247\/"},"modified":"2025-11-20T16:57:14","modified_gmt":"2025-11-20T16:57:14","slug":"dans-la-manche-la-france-prevoit-de-dangereuses-methodes-pour-stopper-les-migrants","status":"publish","type":"post","link":"https:\/\/www.europesays.com\/fr\/547247\/","title":{"rendered":"Dans la Manche, la France pr\u00e9voit de dangereuses m\u00e9thodes pour stopper les migrants"},"content":{"rendered":"<p>La France pr\u00e9voit d&rsquo;utiliser de larges \u201cfilets d\u2019arrestation\u201d, pouvant atteindre pr\u00e8s de trente m\u00e8tres de largeur pour bloquer les h\u00e9lices des petites embarcations transportant des migrants \u00e0 travers la Manche. Ces filets, d\u00e9j\u00e0 distribu\u00e9s \u00e0 plusieurs \u00e9quipes de la gendarmerie maritime depuis le printemps, visent \u00e0 \u201cneutraliser simultan\u00e9ment\u201d plusieurs b\u00e2teaux pendant qu\u2019un vaisseau de la marine fran\u00e7aise patrouille en cas de besoin d\u2019assistance.\u00a0\u00a0<\/p>\n<p class=\"p-empty\">\u00a0<\/p>\n<p>Une strat\u00e9gie dangereuse et controvers\u00e9e\u00a0<\/p>\n<p>Mais cette strat\u00e9gie suscite de vives controverses: des membres des gardes-c\u00f4tes fran\u00e7ais et des syndicats d&rsquo;agents douaniers alertent sur le risque grave de panique \u00e0 bord, voire \u00e0 des man\u0153uvres tragiques dans un contexte de surpopulation des embarcations (souvent jusqu\u2019\u00e0 cinquante personnes). Selon eux, il n\u2019y a aucun moyen de garantir la s\u00e9curit\u00e9 des migrants lors de ces man\u0153uvres. Amnesty international et d\u2019autres associations d\u00e9noncent une approche \u201cprofond\u00e9ment inqui\u00e9tante\u201d et demandent des voies l\u00e9gales d\u2019asile plut\u00f4t que de telles tactiques.\u00a0<\/p>\n<p>En 2025 d\u00e9j\u00e0, 26 personnes sont mortes lors de tentatives de travers\u00e9e, d\u2019apr\u00e8s des statistiques fran\u00e7aises, ce qui alimente d\u2019autant plus l\u2019inqui\u00e9tude sur la l\u00e9galit\u00e9 et l\u2019\u00e9thique de cette m\u00e9thode.<a href=\"https:\/\/www.the-independent.com\/news\/uk\/politics\/france-boats-nets-migrants-small-boats-channel-b2867447.html?utm_source=chatgpt.com\" target=\"_blank\" rel=\"nofollow noopener\"> <\/a>Par ailleurs, ce renforcement intervient dans un contexte de pression croissante du Royaume-Uni sur la France pour durcir le contr\u00f4le maritime des travers\u00e9es ill\u00e9gales.<\/p>\n","protected":false},"excerpt":{"rendered":"La France pr\u00e9voit d&rsquo;utiliser de larges \u201cfilets d\u2019arrestation\u201d, pouvant atteindre pr\u00e8s de trente m\u00e8tres de largeur pour bloquer&hellip;\n","protected":false},"author":2,"featured_media":547248,"comment_status":"","ping_status":"","sticky":false,"template":"","format":"standard","meta":{"footnotes":""},"categories":[1588],"tags":[11,1777,674,12,473,1853,1851,1850,1852],"class_list":{"0":"post-547247","1":"post","2":"type-post","3":"status-publish","4":"format-standard","5":"has-post-thumbnail","7":"category-royaume-uni","8":"tag-actualites","9":"tag-eu","10":"tag-europe","11":"tag-news","12":"tag-royaume-uni","13":"tag-royaume-uni-de-grande-bretagne-et-dirlande-du-nord","14":"tag-uk","15":"tag-united-kingdom","16":"tag-united-kingdom-of-great-britain-and-northern-ireland"},"share_on_mastodon":{"url":"https:\/\/pubeurope.com\/@fr\/115583087237384441","error":""},"_links":{"self":[{"href":"https:\/\/www.europesays.com\/fr\/wp-json\/wp\/v2\/posts\/547247","targetHints":{"allow":["GET"]}}],"collection":[{"href":"https:\/\/www.europesays.com\/fr\/wp-json\/wp\/v2\/posts"}],"about":[{"href":"https:\/\/www.europesays.com\/fr\/wp-json\/wp\/v2\/types\/post"}],"author":[{"embeddable":true,"href":"https:\/\/www.europesays.com\/fr\/wp-json\/wp\/v2\/users\/2"}],"replies":[{"embeddable":true,"href":"https:\/\/www.europesays.com\/fr\/wp-json\/wp\/v2\/comments?post=547247"}],"version-history":[{"count":0,"href":"https:\/\/www.europesays.com\/fr\/wp-json\/wp\/v2\/posts\/547247\/revisions"}],"wp:featuredmedia":[{"embeddable":true,"href":"https:\/\/www.europesays.com\/fr\/wp-json\/wp\/v2\/media\/547248"}],"wp:attachment":[{"href":"https:\/\/www.europesays.com\/fr\/wp-json\/wp\/v2\/media?parent=547247"}],"wp:term":[{"taxonomy":"category","embeddable":true,"href":"https:\/\/www.europesays.com\/fr\/wp-json\/wp\/v2\/categories?post=547247"},{"taxonomy":"post_tag","embeddable":true,"href":"https:\/\/www.europesays.com\/fr\/wp-json\/wp\/v2\/tags?post=547247"}],"curies":[{"name":"wp","href":"https:\/\/api.w.org\/{rel}","templated":true}]}}