{"id":547249,"date":"2025-11-20T16:58:14","date_gmt":"2025-11-20T16:58:14","guid":{"rendered":"https:\/\/www.europesays.com\/fr\/547249\/"},"modified":"2025-11-20T16:58:14","modified_gmt":"2025-11-20T16:58:14","slug":"litalie-extrade-vers-lallemagne-un-suspect-du-sabotage-des-gazoducs-nord-stream-liberation","status":"publish","type":"post","link":"https:\/\/www.europesays.com\/fr\/547249\/","title":{"rendered":"L\u2019Italie extrade vers l\u2019Allemagne un suspect du sabotage des gazoducs Nord Stream \u2013 Lib\u00e9ration"},"content":{"rendered":"<p class=\"sc-cPiKLX AiZTS text-element\">Trois ans sont pass\u00e9s et la justice europ\u00e9enne n\u2019a pas encore abouti \u00e0 des r\u00e9ponses satisfaisantes en ce qui concerne les responsables des <a href=\"https:\/\/www.liberation.fr\/international\/europe\/images-exclusives-de-nord-stream-2-le-mystere-reste-entier-qui-a-fait-sauter-le-gazoduc-20230621_GTAAWJKUF5BDJHPDKWD37RT7DE\/\" target=\"_blank\" rel=\"noreferrer noopener\" title=\"https:\/\/www.liberation.fr\/international\/europe\/images-exclusives-de-nord-stream-2-le-mystere-reste-entier-qui-a-fait-sauter-le-gazoduc-20230621_GTAAWJKUF5BDJHPDKWD37RT7DE\/\">sabotages des gazoducs Nord Stream 1 et 2<\/a>, en mer Baltique. Tandis que l\u2019enqu\u00eate a \u00e9t\u00e9 suspendue par la Su\u00e8de et le Danemark pour \u00abmanque de preuves\u00bb, la justice allemande a continu\u00e9 ses investigations. Les juges de Berlin ont enqu\u00eat\u00e9 sur une implication directe de l\u2019Ukraine, notamment de hauts fonctionnaires qui auraient plac\u00e9 des explosifs sur les gazoducs pr\u00e8s de l\u2019\u00eele danoise de Bornholm, en septembre 2022. Selon le Wall Street Journal, <a href=\"https:\/\/www.liberation.fr\/international\/europe\/selon-le-wall-street-journal-le-sabotage-du-gazoduc-russe-nord-stream-a-ete-valide-par-volodymyr-zelensky-20240815_BHXQF2I6NRGFVOM6QMS72XOZHM\/\" target=\"_blank\" rel=\"noopener\" title=\"https:\/\/www.liberation.fr\/international\/europe\/selon-le-wall-street-journal-le-sabotage-du-gazoduc-russe-nord-stream-a-ete-valide-par-volodymyr-zelensky-20240815_BHXQF2I6NRGFVOM6QMS72XOZHM\/\">Zelensky aurait valid\u00e9 le sabotage<\/a>. Pour \u00eatre plus pr\u00e9cis : le pr\u00e9sident ukrainien aurait approuv\u00e9 le plan puis tent\u00e9 de l\u2019annuler, sans succ\u00e8s. L\u2019int\u00e9ress\u00e9 a ni\u00e9 toute implication, en pointant le doigt vers les envahisseurs russes.<\/p>\n<p class=\"sc-cPiKLX AiZTS text-element\">Selon Berlin, une \u00e9quipe de six personnes serait impliqu\u00e9e dans le sabotage des pipelines qui fournissait directement du gaz russe \u00e0 l\u2019Allemagne. Un des six saboteurs serait Serhii Kuznietsov, 49 ans, citoyen ukrainien pour lequel un <a href=\"https:\/\/www.liberation.fr\/international\/europe\/sabotage-des-gazoducs-nord-stream-un-mandat-darret-europeen-a-ete-lance-par-la-justice-allemande-contre-un-ukrainien-20240814_DQHUHTUUA5GXLMX7WJZCQ2NWRU\/\" target=\"_blank\" rel=\"noopener\" title=\"https:\/\/www.liberation.fr\/international\/europe\/sabotage-des-gazoducs-nord-stream-un-mandat-darret-europeen-a-ete-lance-par-la-justice-allemande-contre-un-ukrainien-20240814_DQHUHTUUA5GXLMX7WJZCQ2NWRU\/\">mandat d\u2019arr\u00eat europ\u00e9en<\/a> a \u00e9t\u00e9 \u00e9mis par l\u2019Allemagne. <a href=\"https:\/\/www.liberation.fr\/international\/europe\/sabotage-du-gazoduc-nord-stream-un-suspect-ukrainien-vraisemblablement-lun-des-coordinateurs-de-loperation-arrete-en-italie-20250821_GCL73FEAZJBAPIJKSGJTTACXPE\/?redirected=1\" target=\"_blank\" rel=\"noopener\" title=\"https:\/\/www.liberation.fr\/international\/europe\/sabotage-du-gazoduc-nord-stream-un-suspect-ukrainien-vraisemblablement-lun-des-coordinateurs-de-loperation-arrete-en-italie-20250821_GCL73FEAZJBAPIJKSGJTTACXPE\/?redirected=1\">L\u2019Italie avait arr\u00eat\u00e9 l\u2019homme \u00e0 Rimini le 21 ao\u00fbt<\/a>, et le retient depuis dans une prison de haute s\u00e9curit\u00e9. Avant de partir en vacances en Italie, Kuznietsov vivait en Pologne, mais Varsovie a ignor\u00e9 la demande d\u2019arrestation formul\u00e9e par Berlin. La Cour de cassation italienne a autoris\u00e9, ce mercredi 19 novembre, son extradition vers l\u2019Allemagne. Il sera livr\u00e9 \u00e0 la justice allemande dans les prochains jours, et risque jusqu\u2019\u00e0 quinze ans de prison si son implication dans l\u2019affaire \u00e9tait confirm\u00e9e.<\/p>\n<p class=\"sc-cPiKLX AiZTS text-element\">L\u2019affaire Kuznietsov est pass\u00e9e d\u2019une cour de justice \u00e0 une autre, de Bologne \u00e0 Rome et vice-versa. En septembre, la Cour d\u2019appel de Bologne a valid\u00e9 l\u2019extradition de l\u2019Ukrainien. Son avocat, Nicola Canestrini, avait alors d\u00e9pos\u00e9 un recours devant la Cour de cassation italienne qui, le 15 octobre, a bloqu\u00e9 le processus, estimant que la qualification des faits en \u00abactes de terrorisme\u00bb, retenue par les juges de Bologne, \u00e9tait contraire \u00e0 la loi, car le mandat d\u2019arr\u00eat \u00e9mis par Berlin ne parlait que de \u00absabotage\u00bb. L\u2019affaire est revenue de nouveau \u00e0 la cour d\u2019appel de Bologne, qui a r\u00e9affirm\u00e9 son pr\u00e9c\u00e9dent choix. Apr\u00e8s un deuxi\u00e8me renvoi \u00e0 la Cour de cassation, celle-ci a rejet\u00e9 le recours pr\u00e9sent\u00e9 par l\u2019avocat, donnant ainsi son feu vert d\u00e9finitif pour l\u2019extradition.<\/p>\n<p class=\"sc-cPiKLX AiZTS text-element\">\u00abAussi grande que soit ma d\u00e9ception, je suis certain que le proc\u00e8s sur le fond qui se tiendra en Allemagne conduira \u00e0 son acquittement\u00bb, a d\u00e9clar\u00e9 Nicolas Canestrini. La Bundespolizei prendra en charge l\u2019Ukrainien pour le transf\u00e9rer sur le territoire allemand. Serhii Kuznietsov continue de nier les faits et assure qu\u2019il \u00e9tait pr\u00e9sent en Ukraine au moment des faits, en tant que commandant de l\u2019arm\u00e9e.<\/p>\n<p class=\"sc-cPiKLX AiZTS text-element\">Presque en m\u00eame temps, <a href=\"https:\/\/www.liberation.fr\/international\/europe\/sabotage-nord-stream-un-deuxieme-suspect-ukrainien-interpelle-en-pologne-20250930_NN6YAAUBSJFJTHBGEDWOI2EPZQ\/\" target=\"_blank\" rel=\"noopener\" title=\"https:\/\/www.liberation.fr\/international\/europe\/sabotage-nord-stream-un-deuxieme-suspect-ukrainien-interpelle-en-pologne-20250930_NN6YAAUBSJFJTHBGEDWOI2EPZQ\/\">la Pologne avait interpell\u00e9 un autre citoyen ukrainien suspect\u00e9 d\u2019avoir particip\u00e9 au sabotage<\/a>, Volodymyr Zurawlow. Le 26 septembre, suite \u00e0 la demande des juges allemands, un tribunal de Varsovie avait refus\u00e9 de l\u2019extrader : \u00abLa demande [des autorit\u00e9s allemandes] visant \u00e0 obtenir l\u2019extradition ne m\u00e9rite pas d\u2019\u00eatre prise en consid\u00e9ration. L\u2019\u00c9tat polonais n\u2019est pas int\u00e9ress\u00e9 par la poursuite d\u2019individus qui agissent contre la Russie\u00bb, avait justifi\u00e9 le juge. La Pologne, dont les gouvernements successifs ont \u00e9t\u00e9 de fervents d\u00e9fenseurs de l\u2019Ukraine face \u00e0 l\u2019invasion russe, s\u2019est toujours oppos\u00e9e aux gazoducs. \u00abSi l\u2019Ukraine et ses forces sp\u00e9ciales ont effectivement lanc\u00e9 une mission arm\u00e9e pour d\u00e9truire les pipelines de l\u2019ennemi, on ne peut pas qualifier ces activit\u00e9s d\u2019ill\u00e9gales. Elles \u00e9taient fond\u00e9es, rationnelles et justes\u00bb, a conclu le magistrat. Donald Tusk, le Premier ministre polonais, a abond\u00e9 dans ce sens en d\u00e9clarant, d\u00e9but octobre : \u00abLe probl\u00e8me de l\u2019Europe, le probl\u00e8me de l\u2019Ukraine, le probl\u00e8me de la Lituanie et de la Pologne n\u2019est pas que Nord Stream 2 ait explos\u00e9, mais qu\u2019il ait \u00e9t\u00e9 construit\u00bb.<\/p>\n<p class=\"sc-cPiKLX AiZTS text-element\">\u00abLa bataille pour les droits et pour le droit est loin d\u2019\u00eatre termin\u00e9e : elle se poursuivra en Allemagne, assure le d\u00e9fenseur italien de Serhii Kuznietsov. La justice est un chemin sinueux, le r\u00e9sultat d\u2019un travail continu, et non un miracle qui se r\u00e9alise tout seul.\u00bb<\/p>\n","protected":false},"excerpt":{"rendered":"Trois ans sont pass\u00e9s et la justice europ\u00e9enne n\u2019a pas encore abouti \u00e0 des r\u00e9ponses satisfaisantes en ce&hellip;\n","protected":false},"author":2,"featured_media":547250,"comment_status":"","ping_status":"","sticky":false,"template":"","format":"standard","meta":{"footnotes":""},"categories":[1587],"tags":[11,672,1804,1805,1803,1777,674,1801,452,12,1802,297],"class_list":{"0":"post-547249","1":"post","2":"type-post","3":"status-publish","4":"format-standard","5":"has-post-thumbnail","7":"category-allemagne","8":"tag-actualites","9":"tag-allemagne","10":"tag-bundesrepublik-deutschland","11":"tag-de","12":"tag-deutschland","13":"tag-eu","14":"tag-europe","15":"tag-germany","16":"tag-italie","17":"tag-news","18":"tag-republique-federale-dallemagne","19":"tag-ukraine-la-crise"},"share_on_mastodon":{"url":"https:\/\/pubeurope.com\/@fr\/115583091250398802","error":""},"_links":{"self":[{"href":"https:\/\/www.europesays.com\/fr\/wp-json\/wp\/v2\/posts\/547249","targetHints":{"allow":["GET"]}}],"collection":[{"href":"https:\/\/www.europesays.com\/fr\/wp-json\/wp\/v2\/posts"}],"about":[{"href":"https:\/\/www.europesays.com\/fr\/wp-json\/wp\/v2\/types\/post"}],"author":[{"embeddable":true,"href":"https:\/\/www.europesays.com\/fr\/wp-json\/wp\/v2\/users\/2"}],"replies":[{"embeddable":true,"href":"https:\/\/www.europesays.com\/fr\/wp-json\/wp\/v2\/comments?post=547249"}],"version-history":[{"count":0,"href":"https:\/\/www.europesays.com\/fr\/wp-json\/wp\/v2\/posts\/547249\/revisions"}],"wp:featuredmedia":[{"embeddable":true,"href":"https:\/\/www.europesays.com\/fr\/wp-json\/wp\/v2\/media\/547250"}],"wp:attachment":[{"href":"https:\/\/www.europesays.com\/fr\/wp-json\/wp\/v2\/media?parent=547249"}],"wp:term":[{"taxonomy":"category","embeddable":true,"href":"https:\/\/www.europesays.com\/fr\/wp-json\/wp\/v2\/categories?post=547249"},{"taxonomy":"post_tag","embeddable":true,"href":"https:\/\/www.europesays.com\/fr\/wp-json\/wp\/v2\/tags?post=547249"}],"curies":[{"name":"wp","href":"https:\/\/api.w.org\/{rel}","templated":true}]}}