{"id":547253,"date":"2025-11-20T17:00:18","date_gmt":"2025-11-20T17:00:18","guid":{"rendered":"https:\/\/www.europesays.com\/fr\/547253\/"},"modified":"2025-11-20T17:00:18","modified_gmt":"2025-11-20T17:00:18","slug":"dans-quel-pays-de-lue-compte-t-on-le-plus-de-chomeurs-de-longue-duree","status":"publish","type":"post","link":"https:\/\/www.europesays.com\/fr\/547253\/","title":{"rendered":"Dans quel pays de l\u2019UE compte-t-on le plus de ch\u00f4meurs de longue dur\u00e9e\u00a0?"},"content":{"rendered":"<p>Parmi les 13 millions de ch\u00f4meurs que compte l&rsquo;UE, 4,2 millions \u00e9taient sans emploi et \u00e0 la recherche active d&rsquo;un emploi depuis au moins un an, selon les derniers chiffres publi\u00e9s par <strong>Eurostat.<\/strong><\/p>\n<p><strong>La Gr\u00e8ce<\/strong> a enregistr\u00e9 le taux de ch\u00f4mage de longue dur\u00e9e le plus \u00e9lev\u00e9 (5,4 %), suivie de l&rsquo;Espagne (3,8 %) et de la Slovaquie (3,5 %).<\/p>\n<p>En revanche, les Pays-Bas (0,5%), Malte (0,7%), ainsi que la R\u00e9publique tch\u00e8que, le Danemark et la Pologne (0,8% chacun) affichaient les taux les plus bas.<\/p>\n<p>Certains des taux de ch\u00f4mage end\u00e9mique les plus \u00e9lev\u00e9s ont \u00e9t\u00e9 observ\u00e9s dans les pays du sud de l&rsquo;UE et dans plusieurs r\u00e9gions ultrap\u00e9riph\u00e9riques fran\u00e7aises.<\/p>\n<p>Les taux les plus \u00e9lev\u00e9s ont \u00e9t\u00e9 enregistr\u00e9s dans les villes espagnoles autonomes de <strong>Melilla et Ceuta<\/strong>, sur la c\u00f4te nord du Maroc, avec respectivement 16,3% et 15,8%.<\/p>\n<p>La r\u00e9gion ultrap\u00e9riph\u00e9rique fran\u00e7aise de la <strong>Guadeloupe<\/strong>, dans les Cara\u00efbes, \u00e9tait la seule autre r\u00e9gion de l&rsquo;UE \u00e0 afficher un taux \u00e0 deux chiffres, avec 11,4%.<\/p>\n<p>Les r\u00e9gions de Campanie (9,9%), de Calabre (8,3%) et de Sicile (8,0%), dans le sud de l&rsquo;Italie, affichaient \u00e9galement des taux de ch\u00f4mage de longue dur\u00e9e.<\/p>\n<p>D&rsquo;autre part, le taux de ch\u00f4mage durable le plus bas de l&rsquo;UE a \u00e9t\u00e9 observ\u00e9 dans quatre r\u00e9gions de la <strong>R\u00e9publique tch\u00e8que et des Pays-Bas<\/strong> : le taux de ch\u00f4mage de longue dur\u00e9e \u00e9tait de 0,4% dans les r\u00e9gions de Praha et St\u0159edn\u00ed \u010cechy, et d&rsquo;Utrecht et Noord-Brabant.<\/p>\n<p>Le taux de ch\u00f4mage de longue dur\u00e9e \u00e9tait \u00e9galement inf\u00e9rieur \u00e0 1% dans 52 r\u00e9gionsde l&rsquo;UE.<\/p>\n<p>La plupart de ces r\u00e9gions se trouvent dans le nord de la Belgique, en R\u00e9publique tch\u00e8que, au Danemark, dans le nord-ouest de la Hongrie, aux Pays-Bas, en Autriche, en Pologne et \u00e0 Malte.<\/p>\n<p><strong>Quels sont les groupes les plus vuln\u00e9rables au ch\u00f4mage de longue dur\u00e9e ?<\/strong><\/p>\n<p>Le ch\u00f4mage de longue dur\u00e9e nuit aux individus, \u00e0 leurs familles et \u00e0 la soci\u00e9t\u00e9, en entra\u00eenant la pauvret\u00e9, des niveaux \u00e9lev\u00e9s de stress, une faible estime de soi, des dysfonctionnements familiaux et parfois la d\u00e9pression.<\/p>\n<p>Selon le r\u00e9seau europ\u00e9en d&rsquo;\u00e9glises et d&rsquo;ONG chr\u00e9tiennes, <strong>Eurodiaconia<\/strong>, certains groupes sont plus expos\u00e9s que d&rsquo;autres, comme les personnes issues de l&rsquo;immigration, les personnes handicap\u00e9es, les jeunes et les personnes ayant un faible niveau d&rsquo;\u00e9ducation.<\/p>\n<p>Le taux de ch\u00f4mage chez les personnes \u00e2g\u00e9es de 15 \u00e0 24 ans est de 14,9 %, avec une augmentation de 0,4 % \u00e0 partir de 2023.<\/p>\n<p>\u00ab\u00a0Les jeunes qui restent en dehors du syst\u00e8me \u00e9ducatif et de l&#8217;emploi pendant de longues p\u00e9riodes risquent de devenir des ch\u00f4meurs de longue dur\u00e9e en raison de l&rsquo;\u00e9rosion de leurs comp\u00e9tences, de la perte de confiance et de l&rsquo;affaiblissement de leurs r\u00e9seaux sociaux et professionnels\u00a0\u00bb, a d\u00e9clar\u00e9 Eurodiaconia dans son rapport intitul\u00e9 \u00ab\u00a0Approches novatrices pour lutter contre le ch\u00f4mage de longue dur\u00e9e\u00a0\u00bb.<\/p>\n<p>Eurostat a \u00e9galement enregistr\u00e9 des r\u00e9sultats similaires, constatant que les taux pour les personnes ayant un niveau d&rsquo;\u00e9ducation inf\u00e9rieur (11,8 %), l&rsquo;enseignement secondaire g\u00e9n\u00e9ral (8,1 %) et les migrants (10,5 %) d\u00e9passaient \u00e9galement le taux de ch\u00f4mage g\u00e9n\u00e9ral.<\/p>\n","protected":false},"excerpt":{"rendered":"Parmi les 13 millions de ch\u00f4meurs que compte l&rsquo;UE, 4,2 millions \u00e9taient sans emploi et \u00e0 la recherche&hellip;\n","protected":false},"author":2,"featured_media":547254,"comment_status":"","ping_status":"","sticky":false,"template":"","format":"standard","meta":{"footnotes":""},"categories":[1586],"tags":[11,214,8410,1777,674,1779,1011,27,2304,12,4518,66511,25,1778,364],"class_list":{"0":"post-547253","1":"post","2":"type-post","3":"status-publish","4":"format-standard","5":"has-post-thumbnail","7":"category-europe","8":"tag-actualites","9":"tag-chomage","10":"tag-croissance-economique","11":"tag-eu","12":"tag-europe","13":"tag-european-union","14":"tag-fr","15":"tag-france","16":"tag-marche-du-travail","17":"tag-news","18":"tag-pauvrete","19":"tag-population-active","20":"tag-republique-francaise","21":"tag-ue","22":"tag-union-europeenne"},"share_on_mastodon":{"url":"https:\/\/pubeurope.com\/@fr\/115583098752942644","error":""},"_links":{"self":[{"href":"https:\/\/www.europesays.com\/fr\/wp-json\/wp\/v2\/posts\/547253","targetHints":{"allow":["GET"]}}],"collection":[{"href":"https:\/\/www.europesays.com\/fr\/wp-json\/wp\/v2\/posts"}],"about":[{"href":"https:\/\/www.europesays.com\/fr\/wp-json\/wp\/v2\/types\/post"}],"author":[{"embeddable":true,"href":"https:\/\/www.europesays.com\/fr\/wp-json\/wp\/v2\/users\/2"}],"replies":[{"embeddable":true,"href":"https:\/\/www.europesays.com\/fr\/wp-json\/wp\/v2\/comments?post=547253"}],"version-history":[{"count":0,"href":"https:\/\/www.europesays.com\/fr\/wp-json\/wp\/v2\/posts\/547253\/revisions"}],"wp:featuredmedia":[{"embeddable":true,"href":"https:\/\/www.europesays.com\/fr\/wp-json\/wp\/v2\/media\/547254"}],"wp:attachment":[{"href":"https:\/\/www.europesays.com\/fr\/wp-json\/wp\/v2\/media?parent=547253"}],"wp:term":[{"taxonomy":"category","embeddable":true,"href":"https:\/\/www.europesays.com\/fr\/wp-json\/wp\/v2\/categories?post=547253"},{"taxonomy":"post_tag","embeddable":true,"href":"https:\/\/www.europesays.com\/fr\/wp-json\/wp\/v2\/tags?post=547253"}],"curies":[{"name":"wp","href":"https:\/\/api.w.org\/{rel}","templated":true}]}}