{"id":547255,"date":"2025-11-20T17:02:19","date_gmt":"2025-11-20T17:02:19","guid":{"rendered":"https:\/\/www.europesays.com\/fr\/547255\/"},"modified":"2025-11-20T17:02:19","modified_gmt":"2025-11-20T17:02:19","slug":"sebastien-lecornu-annonce-un-mega-decret-aux-maires-pour-elaguer-beaucoup-de-normes-dici-noel","status":"publish","type":"post","link":"https:\/\/www.europesays.com\/fr\/547255\/","title":{"rendered":"S\u00e9bastien Lecornu annonce un \u00abm\u00e9ga d\u00e9cret\u00bb aux maires pour \u00ab\u00e9laguer beaucoup de normes\u00bb d\u2019ici No\u00ebl"},"content":{"rendered":"<p>\n    Le premier ministre a \u00e9galement indiqu\u00e9 \u00e9tudier, lors du 107e congr\u00e8s des maires ce jeudi \u00e0 Paris, l\u2019id\u00e9e d\u2019une prime \u00abr\u00e9galienne\u00bb de 500 euros pour chacun des maires.<\/p>\n<p class=\"fig-paragraph\"><a href=\"http:\/\/www.lefigaro.fr\/politique\/guillaume-tabard-sebastien-lecornu-somme-de-repondre-a-la-crise-des-vocations-des-maires-fantassins-de-la-republique-20251117\" data-fig-type=\"Article\" data-gtm-custom-categorie=\"navigation\" data-gtm-custom-action=\"crossclick\" data-gtm-custom-label=\"Contextuel\" data-gtm-event=\"customEventSPE\" data-fig-domain=\"LEFIGARO\" target=\"_blank\" rel=\"noopener\">S\u00e9bastien Lecornu<\/a>\u00a0a annonc\u00e9 jeudi devant\u00a0<a href=\"http:\/\/www.lefigaro.fr\/politique\/maires-de-france-sous-haute-tension-le-107e-congres-entend-lutter-contre-le-centralisme-budgetaire-20251117\" data-fig-type=\"Article\" data-gtm-custom-categorie=\"navigation\" data-gtm-custom-action=\"crossclick\" data-gtm-custom-label=\"Contextuel\" data-gtm-event=\"customEventSPE\" data-fig-domain=\"LEFIGARO\" target=\"_blank\" rel=\"noopener\">le congr\u00e8s des maires\u00a0<\/a>\u00e9tudier l&rsquo;id\u00e9e d&rsquo;une prime \u00abr\u00e9galienne\u00bb de 500 euros pour chacun des maires afin de \u00abs\u00e9curiser\u00bb les actes qu&rsquo;ils prennent.<\/p>\n<p class=\"fig-paragraph\">\u00abOn ne peut pas demander aux maires, agents de l&rsquo;\u00c9tat, de prendre sans cesse plus de risques sans voir ce risque reconnu. Et donc j&rsquo;ai demand\u00e9 aux ministres de travailler \u00e0 un principe de prime r\u00e9galienne (&#8230;) qui pourrait repr\u00e9senter 500 euros par an pour chaque maire, quelle que soit la taille de la commune\u00bb, a d\u00e9clar\u00e9 le premier ministre en cl\u00f4ture du 107e congr\u00e8s des maires r\u00e9uni \u00e0 Paris. Il s&rsquo;agit de \u00abs\u00e9curiser (la) capacit\u00e9 (du maire) \u00e0 prendre un certain nombre d&rsquo;actes au nom de l&rsquo;\u00c9tat\u00bb.<\/p>\n<p>                                    <a class=\"fig-a11y-skip a11y-hidden\" href=\"#fig-a11y-skip-main-inarticle\"><br \/>\n        Passer la publicit\u00e9<br \/>\n    <\/a><\/p>\n<p>Il faut \u00abarriver \u00e0 sauver la d\u00e9mocratie repr\u00e9sentative\u00bb<\/p>\n<p class=\"fig-paragraph\">Le chef du gouvernement entend \u00e9galement prendre un \u00abm\u00e9ga d\u00e9cret\u00bb d\u2019ici No\u00ebl pour \u00ab\u00e9laguer\u00bb une trentaine de normes \u00abcompl\u00e8tement surr\u00e9alistes\u00bb. Il pr\u00e9voit d\u2019en supprimer encore 70 \u00abentre janvier et f\u00e9vrier\u00bb. Il a cit\u00e9 plusieurs mesures qu\u2019il veut supprimer, dont sa \u00abpr\u00e9f\u00e9r\u00e9e\u00bb: l\u2019obligation annuelle de vidange des piscines municipales. \u00abJe souhaite que le d\u00e9but du prochain mandat municipal puisse se faire dans la plus grande des simplicit\u00e9s\u00bb, a appuy\u00e9 M. Lecornu.<\/p>\n<p class=\"fig-paragraph\">Le premier ministre, priv\u00e9 de majorit\u00e9 pour faire passer son budget, a fustig\u00e9 au passage le \u00abd\u00e9sordre politique\u00bb au Parlement. Il faut \u00abarriver \u00e0 sauver la d\u00e9mocratie repr\u00e9sentative\u00bb et \u00abfaire en sorte qu\u2019un chemin de compromis puisse \u00eatre trouv\u00e9\u00bb sur le budget, \u00abparce que je ne vois pas beaucoup de bonnes nouvelles pour le pays issu du d\u00e9sordre politique\u00bb, a-t-il affirm\u00e9.<\/p>\n<p class=\"fig-paragraph\">\u00abJe ne vois pas beaucoup de progr\u00e8s social qui peut sortir du d\u00e9sordre politique\u00bb, ni \u00abbeaucoup d\u2019avanc\u00e9es pour les collectivit\u00e9s territoriales, les services publics de proximit\u00e9 pour celles et ceux qui vont s\u2019engager demain pour leurs territoires\u00bb, a-t-il \u00e9num\u00e9r\u00e9. \u00abEt dans un moment si dur sur le terrain g\u00e9opolitique, la France ne peut pas se permettre un d\u00e9clin uniquement sur fond de d\u00e9sordre politique.\u00bb<\/p>\n","protected":false},"excerpt":{"rendered":"Le premier ministre a \u00e9galement indiqu\u00e9 \u00e9tudier, lors du 107e congr\u00e8s des maires ce jeudi \u00e0 Paris, l\u2019id\u00e9e&hellip;\n","protected":false},"author":2,"featured_media":547256,"comment_status":"","ping_status":"","sticky":false,"template":"","format":"standard","meta":{"footnotes":""},"categories":[2],"tags":[11,1011,27,6793,12,9483,25,11067],"class_list":{"0":"post-547255","1":"post","2":"type-post","3":"status-publish","4":"format-standard","5":"has-post-thumbnail","7":"category-actualites","8":"tag-actualites","9":"tag-fr","10":"tag-france","11":"tag-maires","12":"tag-news","13":"tag-prime","14":"tag-republique-francaise","15":"tag-sebastien-lecornu"},"share_on_mastodon":{"url":"https:\/\/pubeurope.com\/@fr\/115583106752869597","error":""},"_links":{"self":[{"href":"https:\/\/www.europesays.com\/fr\/wp-json\/wp\/v2\/posts\/547255","targetHints":{"allow":["GET"]}}],"collection":[{"href":"https:\/\/www.europesays.com\/fr\/wp-json\/wp\/v2\/posts"}],"about":[{"href":"https:\/\/www.europesays.com\/fr\/wp-json\/wp\/v2\/types\/post"}],"author":[{"embeddable":true,"href":"https:\/\/www.europesays.com\/fr\/wp-json\/wp\/v2\/users\/2"}],"replies":[{"embeddable":true,"href":"https:\/\/www.europesays.com\/fr\/wp-json\/wp\/v2\/comments?post=547255"}],"version-history":[{"count":0,"href":"https:\/\/www.europesays.com\/fr\/wp-json\/wp\/v2\/posts\/547255\/revisions"}],"wp:featuredmedia":[{"embeddable":true,"href":"https:\/\/www.europesays.com\/fr\/wp-json\/wp\/v2\/media\/547256"}],"wp:attachment":[{"href":"https:\/\/www.europesays.com\/fr\/wp-json\/wp\/v2\/media?parent=547255"}],"wp:term":[{"taxonomy":"category","embeddable":true,"href":"https:\/\/www.europesays.com\/fr\/wp-json\/wp\/v2\/categories?post=547255"},{"taxonomy":"post_tag","embeddable":true,"href":"https:\/\/www.europesays.com\/fr\/wp-json\/wp\/v2\/tags?post=547255"}],"curies":[{"name":"wp","href":"https:\/\/api.w.org\/{rel}","templated":true}]}}