{"id":547259,"date":"2025-11-20T17:04:11","date_gmt":"2025-11-20T17:04:11","guid":{"rendered":"https:\/\/www.europesays.com\/fr\/547259\/"},"modified":"2025-11-20T17:04:11","modified_gmt":"2025-11-20T17:04:11","slug":"coupe-de-france-de-football-la-qualification-de-lasmur-au-8e-tour-confirmee","status":"publish","type":"post","link":"https:\/\/www.europesays.com\/fr\/547259\/","title":{"rendered":"Coupe de France de football\u00a0: la qualification de l&rsquo;ASMUR au 8e tour confirm\u00e9e"},"content":{"rendered":"<p>La F\u00e9d\u00e9ration Fran\u00e7aise de Football a confirm\u00e9 ce jeudi 20 novembre la qualification de l&rsquo;ASMUR au 8e tour de la Coupe de France. Les B\u00e9arnais affronteront bien les Girondins de Bordeaux (N2).<\/p>\n<p>La victoire de l&rsquo;ASMUR \u00e0 Golfech, au 7e tour de la Coupe de France, a \u00e9t\u00e9 ent\u00e9rin\u00e9e ce jeudi 20 novembre par la F\u00e9d\u00e9ration Fran\u00e7aise de Football. Les Tarn-et-Garonnais avaient d\u00e9pos\u00e9 une r\u00e9serve en raison d&rsquo;un joueur align\u00e9 par le club b\u00e9arnais, arguant qu&rsquo;il aurait d\u00fb \u00eatre suspendu. Cette \u00e9tape juridique pass\u00e9e, le club se pr\u00e9pare d\u00e9sormais \u00e0 recevoir les Girondins de Bordeaux (N2), sans doute au Nouste Camp, sous r\u00e9serve que la pr\u00e9fecture valide le plan de s\u00e9curit\u00e9. La billetterie ouvrira ce dimanche ou lundi, <strong>2000 places seront mises en ventes au grand public<\/strong> via la billetterie en ligne du Pau FC ou directement \u00e0 Maz\u00e8res-Lezons, 1000 autres places seront r\u00e9serv\u00e9es \u00e0 l&rsquo;ASMUR. Le match aura lieu le samedi 29 novembre, \u00e0 19 heures.<\/p>\n","protected":false},"excerpt":{"rendered":"La F\u00e9d\u00e9ration Fran\u00e7aise de Football a confirm\u00e9 ce jeudi 20 novembre la qualification de l&rsquo;ASMUR au 8e tour&hellip;\n","protected":false},"author":2,"featured_media":547260,"comment_status":"","ping_status":"","sticky":false,"template":"","format":"standard","meta":{"footnotes":""},"categories":[4],"tags":[11,1011,27,12,25],"class_list":{"0":"post-547259","1":"post","2":"type-post","3":"status-publish","4":"format-standard","5":"has-post-thumbnail","7":"category-france","8":"tag-actualites","9":"tag-fr","10":"tag-france","11":"tag-news","12":"tag-republique-francaise"},"share_on_mastodon":{"url":"https:\/\/pubeurope.com\/@fr\/115583114796306999","error":""},"_links":{"self":[{"href":"https:\/\/www.europesays.com\/fr\/wp-json\/wp\/v2\/posts\/547259","targetHints":{"allow":["GET"]}}],"collection":[{"href":"https:\/\/www.europesays.com\/fr\/wp-json\/wp\/v2\/posts"}],"about":[{"href":"https:\/\/www.europesays.com\/fr\/wp-json\/wp\/v2\/types\/post"}],"author":[{"embeddable":true,"href":"https:\/\/www.europesays.com\/fr\/wp-json\/wp\/v2\/users\/2"}],"replies":[{"embeddable":true,"href":"https:\/\/www.europesays.com\/fr\/wp-json\/wp\/v2\/comments?post=547259"}],"version-history":[{"count":0,"href":"https:\/\/www.europesays.com\/fr\/wp-json\/wp\/v2\/posts\/547259\/revisions"}],"wp:featuredmedia":[{"embeddable":true,"href":"https:\/\/www.europesays.com\/fr\/wp-json\/wp\/v2\/media\/547260"}],"wp:attachment":[{"href":"https:\/\/www.europesays.com\/fr\/wp-json\/wp\/v2\/media?parent=547259"}],"wp:term":[{"taxonomy":"category","embeddable":true,"href":"https:\/\/www.europesays.com\/fr\/wp-json\/wp\/v2\/categories?post=547259"},{"taxonomy":"post_tag","embeddable":true,"href":"https:\/\/www.europesays.com\/fr\/wp-json\/wp\/v2\/tags?post=547259"}],"curies":[{"name":"wp","href":"https:\/\/api.w.org\/{rel}","templated":true}]}}