{"id":547267,"date":"2025-11-20T17:08:13","date_gmt":"2025-11-20T17:08:13","guid":{"rendered":"https:\/\/www.europesays.com\/fr\/547267\/"},"modified":"2025-11-20T17:08:13","modified_gmt":"2025-11-20T17:08:13","slug":"on-ne-voit-rien-p-lincident-passe-inapercu-en-tribune-qui-a-retarde-le-match-france-belgique","status":"publish","type":"post","link":"https:\/\/www.europesays.com\/fr\/547267\/","title":{"rendered":"\u00abOn ne voit rien p&#8230;. !\u00bb, l\u2019incident pass\u00e9 inaper\u00e7u en tribune qui a retard\u00e9 le match France-Belgique"},"content":{"rendered":"<p>\n    <strong>LE SCAN SPORT &#8211;<\/strong> Des spectateurs s\u2019insurgeant contre la visibilit\u00e9 m\u00e9diocre en bord de court avaient pouss\u00e9 les organisateurs \u00e0 retarder de quelques minutes le d\u00e9but du quart de finale.<\/p>\n<p class=\"fig-paragraph\">La s\u00e9quence est pass\u00e9e totalement inaper\u00e7ue mais avait provoqu\u00e9 un petit retard dans la programmation du\u00a0<a href=\"http:\/\/www.lefigaro.fr\/sports\/tennis\/coupe-davis\/coupe-davis-le-premier-final-8-des-bleus-a-vire-au-fiasco-20251118\" data-fig-type=\"NewsFlash\" data-gtm-custom-categorie=\"navigation\" data-gtm-custom-action=\"crossclick\" data-gtm-custom-label=\"Contextuel\" data-gtm-event=\"customEventSPE\" data-fig-domain=\"LEFIGARO\" target=\"_blank\" rel=\"noopener\">quart de finale de la Coupe Davis\u00a0<\/a>entre la France et la Belgique mardi. Alors que\u00a0<a href=\"http:\/\/www.lefigaro.fr\/sports\/tennis\/coupe-davis\/coupe-davis-moutet-regrette-enormement-sa-volee-manquee-contre-le-belge-collignon-20251118\" data-fig-type=\"NewsFlash\" data-gtm-custom-categorie=\"navigation\" data-gtm-custom-action=\"crossclick\" data-gtm-custom-label=\"Contextuel\" data-gtm-event=\"customEventSPE\" data-fig-domain=\"LEFIGARO\" target=\"_blank\" rel=\"noopener\">Corentin Moutet<\/a>\u00a0et Rapha\u00ebl Collingnon s\u2019appr\u00eataient \u00e0 entrer sur le court, des spectateurs furieux contre la visibilit\u00e9 bouch\u00e9e par des cam\u00e9ras, ont bruyamment manifest\u00e9 leur m\u00e9contentement.<\/p>\n<p>Un spectateur hors de lui au bord du terrain<\/p>\n<p class=\"fig-paragraph\">Un homme, tr\u00e8s remont\u00e9, s\u2019est emport\u00e9 contre les organisateurs pour protester contre la pr\u00e9sence de plusieurs cam\u00e9ras qui lui bouchait la vue alors qu\u2019il avait achet\u00e9 de tr\u00e8s bonnes places en tribune lat\u00e9rale. Une s\u00e9quence vid\u00e9o montre l\u2019\u00e9change vif entre cet individu et les responsables de l\u2019\u00e9v\u00e9nement.<\/p>\n<p>                                    <a class=\"fig-a11y-skip a11y-hidden\" href=\"#fig-a11y-skip-main-inarticle\"><br \/>\n        Passer la publicit\u00e9<br \/>\n    <\/a><\/p>\n<p class=\"fig-paragraph\">\u00abOn a d\u00e9bours\u00e9 un paquet d\u2019argent&#8230; S\u2019il vous pla\u00eet, arr\u00eatez le match et d\u00e9placez ces cam\u00e9ras. On ne voit rien, p&#8230;\u00a0!\u00bb, a hurl\u00e9 le spectateur mena\u00e7ant. La presse italienne relaie ce jeudi cet \u00e9pisode survenu sous le toit de la Super tennis Arena de Bologna.<\/p>\n<p class=\"fig-paragraph\">Selon les m\u00e9dias transalpins, le spectateur passablement \u00e9nerv\u00e9 et proche du malaise alors qu\u2019une partie de la salle commen\u00e7ait \u00e0 siffler, aurait eu gain de cause. La rencontre entre le Fran\u00e7ais et son adversaire belge a enfin pu d\u00e9buter.<\/p>\n","protected":false},"excerpt":{"rendered":"LE SCAN SPORT &#8211; Des spectateurs s\u2019insurgeant contre la visibilit\u00e9 m\u00e9diocre en bord de court avaient pouss\u00e9 les&hellip;\n","protected":false},"author":2,"featured_media":547268,"comment_status":"","ping_status":"","sticky":false,"template":"","format":"standard","meta":{"footnotes":""},"categories":[1415],"tags":[1011,27,4977,60,1467],"class_list":{"0":"post-547267","1":"post","2":"type-post","3":"status-publish","4":"format-standard","5":"has-post-thumbnail","7":"category-tennis","8":"tag-fr","9":"tag-france","10":"tag-le-scan-sport","11":"tag-sports","12":"tag-tennis"},"share_on_mastodon":{"url":"https:\/\/pubeurope.com\/@fr\/115583130229938177","error":""},"_links":{"self":[{"href":"https:\/\/www.europesays.com\/fr\/wp-json\/wp\/v2\/posts\/547267","targetHints":{"allow":["GET"]}}],"collection":[{"href":"https:\/\/www.europesays.com\/fr\/wp-json\/wp\/v2\/posts"}],"about":[{"href":"https:\/\/www.europesays.com\/fr\/wp-json\/wp\/v2\/types\/post"}],"author":[{"embeddable":true,"href":"https:\/\/www.europesays.com\/fr\/wp-json\/wp\/v2\/users\/2"}],"replies":[{"embeddable":true,"href":"https:\/\/www.europesays.com\/fr\/wp-json\/wp\/v2\/comments?post=547267"}],"version-history":[{"count":0,"href":"https:\/\/www.europesays.com\/fr\/wp-json\/wp\/v2\/posts\/547267\/revisions"}],"wp:featuredmedia":[{"embeddable":true,"href":"https:\/\/www.europesays.com\/fr\/wp-json\/wp\/v2\/media\/547268"}],"wp:attachment":[{"href":"https:\/\/www.europesays.com\/fr\/wp-json\/wp\/v2\/media?parent=547267"}],"wp:term":[{"taxonomy":"category","embeddable":true,"href":"https:\/\/www.europesays.com\/fr\/wp-json\/wp\/v2\/categories?post=547267"},{"taxonomy":"post_tag","embeddable":true,"href":"https:\/\/www.europesays.com\/fr\/wp-json\/wp\/v2\/tags?post=547267"}],"curies":[{"name":"wp","href":"https:\/\/api.w.org\/{rel}","templated":true}]}}