{"id":547269,"date":"2025-11-20T17:12:13","date_gmt":"2025-11-20T17:12:13","guid":{"rendered":"https:\/\/www.europesays.com\/fr\/547269\/"},"modified":"2025-11-20T17:12:13","modified_gmt":"2025-11-20T17:12:13","slug":"un-junior-sortant-pour-elite-fondations-actualite","status":"publish","type":"post","link":"https:\/\/www.europesays.com\/fr\/547269\/","title":{"rendered":"Un Junior sortant pour Elite Fondations &#8211; Actualit\u00e9"},"content":{"rendered":"<p style=\"text-align: justify;\">Elite Fondations, qui postule au statut Conti, a annonc\u00e9 une nouvelle recrue pour 2026. Il s&rsquo;agit de Lo\u00efc Schertenleib, qui \u00e9voluait au VC Echallens.<\/p>\n<p><strong><a href=\"https:\/\/www.directvelo.com\/coureur\/50411\/loic-schertenleib\" target=\"_blank\" rel=\"noopener\">Lo\u00efc Schertenleib<\/a><\/strong>, 18 ans, s&rsquo;est distingu\u00e9 sur des \u00e9preuves Juniors en Suisse cette saison. Il a termin\u00e9 2e du GP du VC Lancy, 3e du Tour de Berne, 6e du GP du Tessin, 7e du Championnat de Suisse de chrono, 8e du\u00a0Prix du Sprinter Club du Lignon, 10e du GP Berra Immobilier, 11e du GP Filona ou encore 12e du Tour du L\u00e9man.<\/p>\n<p>Le Suisse a \u00e9galement termin\u00e9 21e d&rsquo;\u00e9tape au LVM Saarland Trofeo et 34e du Tour du Pays de Vaud, en Coupe des Nations. L&rsquo;an dernier, il avait d\u00e9croch\u00e9 la 19e place d&rsquo;A Travers le Beaujolais.<\/p>\n<p>Retrouvez tous les transferts du peloton Conti <strong><a href=\"https:\/\/www.directvelo.com\/mutations\/2026#pro-conti\" target=\"_blank\" rel=\"noopener\">en cliquant ici<\/a><\/strong>.<\/p>\n","protected":false},"excerpt":{"rendered":"Elite Fondations, qui postule au statut Conti, a annonc\u00e9 une nouvelle recrue pour 2026. Il s&rsquo;agit de Lo\u00efc&hellip;\n","protected":false},"author":2,"featured_media":547270,"comment_status":"","ping_status":"","sticky":false,"template":"","format":"standard","meta":{"footnotes":""},"categories":[1411],"tags":[834,828,836,829,837,827,83,826,824,823,1154,207,814,817,815,816,822,821,832,211,839,1011,27,820,818,819,835,831,830,833,838,60,212,208,825],"class_list":{"0":"post-547269","1":"post","2":"type-post","3":"status-publish","4":"format-standard","5":"has-post-thumbnail","7":"category-cyclisme","8":"tag-attaque","9":"tag-belgique","10":"tag-braquet","11":"tag-bretagne","12":"tag-chute","13":"tag-competition","14":"tag-coupe-de-france","15":"tag-coureur","16":"tag-course-cyclisme","17":"tag-course-cycliste","18":"tag-cycling","19":"tag-cyclisme","20":"tag-direct","21":"tag-direct-velo","22":"tag-directvelo","23":"tag-directvelo-com","24":"tag-epreuve","25":"tag-epreuve-cycliste","26":"tag-federation-francaise-de-cyclisme","27":"tag-ffc","28":"tag-flandres","29":"tag-fr","30":"tag-france","31":"tag-live","32":"tag-live-course","33":"tag-live-epreuve","34":"tag-peloton","35":"tag-radio-peloton","36":"tag-radio-tour","37":"tag-ravitaillement","38":"tag-relance","39":"tag-sports","40":"tag-uci","41":"tag-velo","42":"tag-velos"},"share_on_mastodon":{"url":"https:\/\/pubeurope.com\/@fr\/115583146045850959","error":""},"_links":{"self":[{"href":"https:\/\/www.europesays.com\/fr\/wp-json\/wp\/v2\/posts\/547269","targetHints":{"allow":["GET"]}}],"collection":[{"href":"https:\/\/www.europesays.com\/fr\/wp-json\/wp\/v2\/posts"}],"about":[{"href":"https:\/\/www.europesays.com\/fr\/wp-json\/wp\/v2\/types\/post"}],"author":[{"embeddable":true,"href":"https:\/\/www.europesays.com\/fr\/wp-json\/wp\/v2\/users\/2"}],"replies":[{"embeddable":true,"href":"https:\/\/www.europesays.com\/fr\/wp-json\/wp\/v2\/comments?post=547269"}],"version-history":[{"count":0,"href":"https:\/\/www.europesays.com\/fr\/wp-json\/wp\/v2\/posts\/547269\/revisions"}],"wp:featuredmedia":[{"embeddable":true,"href":"https:\/\/www.europesays.com\/fr\/wp-json\/wp\/v2\/media\/547270"}],"wp:attachment":[{"href":"https:\/\/www.europesays.com\/fr\/wp-json\/wp\/v2\/media?parent=547269"}],"wp:term":[{"taxonomy":"category","embeddable":true,"href":"https:\/\/www.europesays.com\/fr\/wp-json\/wp\/v2\/categories?post=547269"},{"taxonomy":"post_tag","embeddable":true,"href":"https:\/\/www.europesays.com\/fr\/wp-json\/wp\/v2\/tags?post=547269"}],"curies":[{"name":"wp","href":"https:\/\/api.w.org\/{rel}","templated":true}]}}