{"id":547278,"date":"2025-11-20T17:19:14","date_gmt":"2025-11-20T17:19:14","guid":{"rendered":"https:\/\/www.europesays.com\/fr\/547278\/"},"modified":"2025-11-20T17:19:14","modified_gmt":"2025-11-20T17:19:14","slug":"bande-annonce-hunger-games-lever-de-soleil-sur-la-moisson-2025-sud-ouest","status":"publish","type":"post","link":"https:\/\/www.europesays.com\/fr\/547278\/","title":{"rendered":"Bande-annonce Hunger Games : lever de soleil sur la moisson (2025) &#8211; Sud Ouest"},"content":{"rendered":"<ol>\n<li><a href=\"https:\/\/news.google.com\/rss\/articles\/CBMibEFVX3lxTFBWMW9XSFBiWHlkN016NkxwWFNVRDA3bjczOHFRdWlHanVtZVJkblY2TElaQUV0SjJLdFpVNVJiaFZaZ0o2VzY5VDRZU3hpSEhGZS15SlZJS2FyaXB1LXhaeHh1WlZkRVg2Q29uVA?oc=5\" target=\"_blank\" rel=\"nofollow noopener\">Bande-annonce Hunger Games : lever de soleil sur la moisson (2025)<\/a>&nbsp;&nbsp;Sud Ouest<\/li>\n<li><a href=\"https:\/\/news.google.com\/rss\/articles\/CBMi1gFBVV95cUxObkN6VWN5YUhtUWdrZ2pWS2lBUEZtaEE5YWVNbEVXSmtHTmQ4MGtsQzlNQkZ0QXRfMkEyQ3Y1a1huY1hNbXFfQkoxYW9jZXViY3kzNkJoTGZLOGdYNUdGTi1oVlRsYWhLTVJ3eGVpRTZ4SlJBQlVVajVNSXQxUFp2QlJzbzNVWGxOQzVVRFMzbTkwZEd1eEJDNlVTYlZCT3BEbkFFRkJraU01ZWNqMVhvalRaNzdHQTlXRnBNenprV2NJVzd6cWxxZ1RiVE0yLWhzbEVITF9R?oc=5\" target=\"_blank\" rel=\"nofollow noopener\">Hunger Games : un premier trailer intense pour le sixi\u00e8me film de la saga<\/a>&nbsp;&nbsp;Les Num\u00e9riques<\/li>\n<li><a href=\"https:\/\/news.google.com\/rss\/articles\/CBMiygFBVV95cUxQbzU0bGdkRDdqanZEMnRpQk1OaW9sb05DeU1tU0ZtREg5QXVLNVBPNkE3Nkx1ckI4eDlYSWpoeVE3WlFvN3BNNEN5SlJpRC1VYmhDSnBjYW5Wak9WVUtHWnVDYlFySWVvRjBreGh3R1ltd2lMdkdWMC1odzZJM0dRV0I3MGIyMHhIeXo1SkhjYjJsWUxGMnVFQ0ZMenFHUXR1NjN4NlRONk1VMXBuTjBIT3IyYmlDdHcyVHJjWVZWMXhPcVc1RFZYa0xn?oc=5\" target=\"_blank\" rel=\"nofollow noopener\">Ne vous faites pas tirer au sort, \u00e7a va encore piquer : le teaser du prochain Hunger Games est l\u00e0<\/a>&nbsp;&nbsp;Konbini<\/li>\n<li><a href=\"https:\/\/news.google.com\/rss\/articles\/CBMifkFVX3lxTE9kalNpTWV4RWhwTUpocmtYVnVGRkFmeTV4amZfM3pYLVBJN0toM0IxQnpqOHptdUhvRWU4YS05U0JmZFRValFGcElOMTdDRFVxUnotUWZrXzNzWkVHdXhtQUFOREdHeHg4cURCMFkzR2RQU0Vvck82SjVGU0JkZw?oc=5\" target=\"_blank\" rel=\"nofollow noopener\">Premi\u00e8res images Hunger Games 6 : Ralph Fiennes en jeune Pr\u00e9sident Snow et un casting \u00e0 tomber par terre dans la bande-annonce \u00e9pique<\/a>&nbsp;&nbsp;AlloCin\u00e9<\/li>\n<\/ol>\n","protected":false},"excerpt":{"rendered":"Bande-annonce Hunger Games : lever de soleil sur la moisson (2025)&nbsp;&nbsp;Sud Ouest Hunger Games : un premier trailer&hellip;\n","protected":false},"author":2,"featured_media":547279,"comment_status":"","ping_status":"","sticky":false,"template":"","format":"standard","meta":{"footnotes":""},"categories":[1354],"tags":[58,59,1346,1011,27,1360],"class_list":{"0":"post-547278","1":"post","2":"type-post","3":"status-publish","4":"format-standard","5":"has-post-thumbnail","7":"category-films","8":"tag-divertissement","9":"tag-entertainment","10":"tag-films","11":"tag-fr","12":"tag-france","13":"tag-movies"},"share_on_mastodon":{"url":"https:\/\/pubeurope.com\/@fr\/115583173637085376","error":""},"_links":{"self":[{"href":"https:\/\/www.europesays.com\/fr\/wp-json\/wp\/v2\/posts\/547278","targetHints":{"allow":["GET"]}}],"collection":[{"href":"https:\/\/www.europesays.com\/fr\/wp-json\/wp\/v2\/posts"}],"about":[{"href":"https:\/\/www.europesays.com\/fr\/wp-json\/wp\/v2\/types\/post"}],"author":[{"embeddable":true,"href":"https:\/\/www.europesays.com\/fr\/wp-json\/wp\/v2\/users\/2"}],"replies":[{"embeddable":true,"href":"https:\/\/www.europesays.com\/fr\/wp-json\/wp\/v2\/comments?post=547278"}],"version-history":[{"count":0,"href":"https:\/\/www.europesays.com\/fr\/wp-json\/wp\/v2\/posts\/547278\/revisions"}],"wp:featuredmedia":[{"embeddable":true,"href":"https:\/\/www.europesays.com\/fr\/wp-json\/wp\/v2\/media\/547279"}],"wp:attachment":[{"href":"https:\/\/www.europesays.com\/fr\/wp-json\/wp\/v2\/media?parent=547278"}],"wp:term":[{"taxonomy":"category","embeddable":true,"href":"https:\/\/www.europesays.com\/fr\/wp-json\/wp\/v2\/categories?post=547278"},{"taxonomy":"post_tag","embeddable":true,"href":"https:\/\/www.europesays.com\/fr\/wp-json\/wp\/v2\/tags?post=547278"}],"curies":[{"name":"wp","href":"https:\/\/api.w.org\/{rel}","templated":true}]}}