{"id":547287,"date":"2025-11-20T17:24:14","date_gmt":"2025-11-20T17:24:14","guid":{"rendered":"https:\/\/www.europesays.com\/fr\/547287\/"},"modified":"2025-11-20T17:24:14","modified_gmt":"2025-11-20T17:24:14","slug":"alinea-est-en-redressement-judiciaire-et-a-six-mois-pour-sauver-lenseigne-et-ses-1-172-emplois","status":"publish","type":"post","link":"https:\/\/www.europesays.com\/fr\/547287\/","title":{"rendered":"Alin\u00e9a est en redressement judiciaire et a six mois pour sauver l&rsquo;enseigne et ses 1\u00a0172 emplois"},"content":{"rendered":"<p class=\"rev-margin-0 rev-text-xs-normal\">L\u2019enseigne Alin\u00e9a, fond\u00e9e en 1988 \u00e0 Avignon, vient d\u2019\u00eatre plac\u00e9e en redressement judiciaire par le tribunal de commerce de Marseille et a rendez-vous le 12 janvier pour pr\u00e9senter un plan de relance.<\/p>\n<p class=\"rev-margin-0 rev-text-xs-bold\">\/ PHOTO Philippe LAURENSON<\/p>\n<p><a href=\"https:\/\/www.laprovence.com\/article\/economie\/41838943659866\/alinea-en-cessation-de-paiements-une-audience-decisive-devant-le-tribunal-de-commerce-de-marseille-ce-lundi-17-novembre\" target=\"_blank\" rel=\"noopener\">L\u2019enseigne fran\u00e7aise de mobilier et de d\u00e9coration Alin\u00e9a<\/a>, fond\u00e9e en\u00a01988 \u00e0 Avignon, traverse une nouvelle p\u00e9riode critique de son histoire. Malgr\u00e9 un repositionnement ambitieux et une relance progressive depuis sa reprise en\u00a02020 par la structure N\u00e9omarch\u00e9, contr\u00f4l\u00e9e par la famille Mulliez, l\u2019entreprise a d\u00e9pos\u00e9, vendredi 14\u00a0novembre, une d\u00e9claration de cessation de paiements aupr\u00e8s du tribunal de commerce de Marseille. Cette proc\u00e9dure traduit l\u2019impossibilit\u00e9 de faire face au passif exigible avec la tr\u00e9sorerie disponible.<\/p>\n<p>Une audience s\u2019est tenue ce lundi 17\u00a0novembre, au cours de laquelle les juges ont analys\u00e9 la situation financi\u00e8re de l\u2019entreprise et examin\u00e9 la demande d\u2019ouverture d\u2019une proc\u00e9dure collective. Le tribunal vient de rendre sa d\u00e9cision, ouvrant la voie \u00e0 un redressement judiciaire avec une p\u00e9riode d\u2019observation de six mois. Un rendez-vous est fix\u00e9 le 12\u00a0janvier afin que l\u2019entreprise propose une solution viable pour poursuivre son activit\u00e9 et pr\u00e9server le maximum d\u2019emplois.<\/p>\n<p>Une activit\u00e9 qui continue malgr\u00e9 la proc\u00e9dure<\/p>\n<p>Pour l\u2019heure,<a href=\"https:\/\/www.laprovence.com\/article\/economie\/38993094891685\/avec-son-nouveau-magasin-de-plan-de-campagne-alinea-poursuit-son-expansion\" target=\"_blank\" rel=\"noopener\"> la soci\u00e9t\u00e9 continue de fonctionner normalement<\/a>. Les magasins restent ouverts, les produits sont commercialis\u00e9s et livr\u00e9s sans difficult\u00e9, et aucune rupture d\u2019approvisionnement n\u2019est signal\u00e9e. \u00ab\u00a0Nous avons ouvert une proc\u00e9dure de redressement judiciaire, avec une p\u00e9riode d\u2019observation de six mois et donn\u00e9 rendez-vous mi-janvier \u00e0 la direction, souligne-t-on du c\u00f4t\u00e9 du tribunal de commerce. Pour l\u2019instant, il n\u2019y a aucun risque sur l\u2019emploi. Nous sommes conscients du nombre \u00e9lev\u00e9 de collaborateurs et nous attendons qu\u2019Alin\u00e9a propose une solution de sortie.\u00a0\u00bb<\/p>\n<p>Et d\u2019ajouter\u00a0: \u00ab\u00a0Une solution de sortie signifie que l\u2019entreprise doit travailler sur un plan permettant de surmonter ses difficult\u00e9s et de sauver le maximum d\u2019emplois.\u00a0\u00bb Le tribunal \u00e9tudiera toutes les propositions pour v\u00e9rifier si elles permettent la continuit\u00e9 de l\u2019activit\u00e9 et la protection des salari\u00e9s\u00a0: \u00ab\u00a0Si aucune solution viable n\u2019est propos\u00e9e, d\u2019autres mesures pourront \u00eatre envisag\u00e9es, mais la liquidation n\u2019est pas \u00e0 l\u2019ordre du jour.\u00a0\u00bb<\/p>\n<p>Le tribunal souligne que la priorit\u00e9 est de trouver une solution p\u00e9renne pour poursuivre l\u2019activit\u00e9, tout en s\u00e9curisant les emplois et en donnant \u00e0 l\u2019entreprise la possibilit\u00e9 de travailler sur un plan viable.<\/p>\n<p>Plus de 30\u00a0ans d\u2019histoire entre expansion et restructurations<\/p>\n<p>Alin\u00e9a voit le jour en\u00a01988 et ouvre son premier magasin en\u00a01989 \u00e0 Avignon-Le Pontet. \u00c0 partir de\u00a01997, l\u2019enseigne acc\u00e9l\u00e8re son d\u00e9veloppement avec de nouvelles ouvertures \u00e0 Montpellier et \u00e0 Aubagne, o\u00f9 est aujourd\u2019hui install\u00e9 son si\u00e8ge social. Pendant plus de dix ans, Alin\u00e9a multiplie les magasins et modernise ses concepts, s\u2019imposant comme un acteur de r\u00e9f\u00e9rence du mobilier milieu de gamme en France. Mais d\u00e8s les ann\u00e9es\u00a02010, l\u2019entreprise commence \u00e0 souffrir face \u00e0 la concurrence internationale et \u00e0 la mont\u00e9e de l\u2019e-commerce, accumulant des difficult\u00e9s financi\u00e8res.<\/p>\n<p>En\u00a02017, Alexis Mulliez, membre de la famille Mulliez (Auchan, Decathlon\u2026), prend la t\u00eate de la relance. La marque engage alors une transformation profonde\u00a0: repositionnement de l\u2019offre, collections repens\u00e9es et production davantage locale.<\/p>\n<p>La crise de\u00a02020, accentu\u00e9e par la pand\u00e9mie, conduit Alin\u00e9a \u00e0 une restructuration majeure\u00a0: fermeture de 17 magasins sur 26, suppression de pr\u00e8s de 1\u00a0000 postes, effacement partiel des dettes et refonte strat\u00e9gique de l\u2019enseigne. Depuis\u00a02021, l\u2019enseigne mise sur la qualit\u00e9 et le made in France, avec sa signature \u00ab\u00a0Alin\u00e9a &#8211; La maison fran\u00e7aise\u00a0\u00bb, modernise ses magasins, d\u00e9veloppe son offre digitale et absorbe l\u2019enseigne Z\u00f4dio. Aujourd\u2019hui, Alin\u00e9a compte 1\u00a0172 salari\u00e9s et affiche un chiffre d\u2019affaires de 162\u00a0millions d\u2019euros (2024).<\/p>\n<p>La direction n&rsquo;a pas souhait\u00e9 pour le moment faire de commentaire<\/p>\n<p>La p\u00e9riode d\u2019observation du redressement judiciaire, qui s\u2019\u00e9tend sur six mois, sera cruciale pour l\u2019avenir de l\u2019entreprise et la poursuite de sa strat\u00e9gie de relance. Contact\u00e9e, la direction n\u2019a pas souhait\u00e9 pour le moment faire de commentaire.<\/p>\n","protected":false},"excerpt":{"rendered":"L\u2019enseigne Alin\u00e9a, fond\u00e9e en 1988 \u00e0 Avignon, vient d\u2019\u00eatre plac\u00e9e en redressement judiciaire par le tribunal de commerce&hellip;\n","protected":false},"author":2,"featured_media":547288,"comment_status":"","ping_status":"","sticky":false,"template":"","format":"standard","meta":{"footnotes":""},"categories":[6],"tags":[17,65863,35,33,34,932,1011,27,8639,2561,471,30431,18847],"class_list":{"0":"post-547287","1":"post","2":"type-post","3":"status-publish","4":"format-standard","5":"has-post-thumbnail","7":"category-economie","8":"tag-17","9":"tag-alinea","10":"tag-business","11":"tag-economie","12":"tag-economy","13":"tag-est","14":"tag-fr","15":"tag-france","16":"tag-judiciaire","17":"tag-mois","18":"tag-pour","19":"tag-redressement","20":"tag-six"},"share_on_mastodon":{"url":"https:\/\/pubeurope.com\/@fr\/115583193343396063","error":""},"_links":{"self":[{"href":"https:\/\/www.europesays.com\/fr\/wp-json\/wp\/v2\/posts\/547287","targetHints":{"allow":["GET"]}}],"collection":[{"href":"https:\/\/www.europesays.com\/fr\/wp-json\/wp\/v2\/posts"}],"about":[{"href":"https:\/\/www.europesays.com\/fr\/wp-json\/wp\/v2\/types\/post"}],"author":[{"embeddable":true,"href":"https:\/\/www.europesays.com\/fr\/wp-json\/wp\/v2\/users\/2"}],"replies":[{"embeddable":true,"href":"https:\/\/www.europesays.com\/fr\/wp-json\/wp\/v2\/comments?post=547287"}],"version-history":[{"count":0,"href":"https:\/\/www.europesays.com\/fr\/wp-json\/wp\/v2\/posts\/547287\/revisions"}],"wp:featuredmedia":[{"embeddable":true,"href":"https:\/\/www.europesays.com\/fr\/wp-json\/wp\/v2\/media\/547288"}],"wp:attachment":[{"href":"https:\/\/www.europesays.com\/fr\/wp-json\/wp\/v2\/media?parent=547287"}],"wp:term":[{"taxonomy":"category","embeddable":true,"href":"https:\/\/www.europesays.com\/fr\/wp-json\/wp\/v2\/categories?post=547287"},{"taxonomy":"post_tag","embeddable":true,"href":"https:\/\/www.europesays.com\/fr\/wp-json\/wp\/v2\/tags?post=547287"}],"curies":[{"name":"wp","href":"https:\/\/api.w.org\/{rel}","templated":true}]}}