{"id":547291,"date":"2025-11-20T17:26:13","date_gmt":"2025-11-20T17:26:13","guid":{"rendered":"https:\/\/www.europesays.com\/fr\/547291\/"},"modified":"2025-11-20T17:26:13","modified_gmt":"2025-11-20T17:26:13","slug":"le-chef-detat-major-des-armees-pleinement-legitime-a-sexprimer-sur-les-menaces-estime-catherine-vautrin","status":"publish","type":"post","link":"https:\/\/www.europesays.com\/fr\/547291\/","title":{"rendered":"Le chef d\u2019\u00e9tat-major des arm\u00e9es \u00ab\u00a0pleinement l\u00e9gitime \u00e0 s\u2019exprimer sur les menaces\u00a0\u00bb, estime Catherine Vautrin"},"content":{"rendered":"\n<p class=\"article__paragraph  \">\u00ab\u00a0Ses propos, sortis de leur contexte \u00e0 des fins politiciennes, rel\u00e8vent du langage militaire d\u2019un chef qui, chaque jour, sait que de jeunes soldats risquent leur vie pour la Nation\u00a0\u00bb, a affirm\u00e9 sur X la ministre, d\u00e9non\u00e7ant les r\u00e9actions de plusieurs responsables politiques d\u2019opposition qui reprochent au haut grad\u00e9 un discours \u00ab\u00a0va-t-en guerre\u00a0\u00bb.<\/p>\n<p class=\"article__paragraph  \">Mardi, devant le congr\u00e8s des maires de France, le g\u00e9n\u00e9ral Mandon a jug\u00e9 n\u00e9cessaire que le pays restaure sa \u00ab\u00a0force d\u2019\u00e2me pour accepter de nous faire mal pour prot\u00e9ger ce que l\u2019on est\u00a0\u00bb et soit pr\u00eat \u00e0 \u00ab\u00a0accepter de perdre ses enfants\u00a0\u00bb.<\/p>\n<p>                                     Lire aussi |  Article r\u00e9serv\u00e9 \u00e0 nos abonn\u00e9s  <a href=\"https:\/\/www.lemonde.fr\/politique\/article\/2025\/07\/23\/a-la-tete-des-armees-un-nouveau-duo-de-generaux-pares-pour-l-echeance-de-2027_6623273_823448.html\" class=\"js-article-read-also catcher--favoris__link\" data-premium=\"1\" id=\"article-title-3432530\" rel=\"nofollow noopener\" target=\"_blank\">A la t\u00eate des arm\u00e9es, un nouveau duo de g\u00e9n\u00e9raux par\u00e9s pour l\u2019\u00e9ch\u00e9ance de 2027<\/a>    <\/p>\n<p>   Lire plus tard  <\/p>\n<p>                        \u00ab\u00a0Non aux discours va-t-en guerre\u00a0\u00bb                  <\/p>\n<p class=\"article__paragraph  \">Jean-Luc M\u00e9lenchon, le dirigeant de La France insoumise, a imm\u00e9diatement exprim\u00e9 son \u00ab\u00a0d\u00e9saccord total\u00a0\u00bb. \u00ab\u00a0Ce n\u2019est pas \u00e0 lui d\u2019aller inviter les maires ni qui que ce soit \u00e0 des pr\u00e9parations guerri\u00e8res d\u00e9cid\u00e9es par personne\u00a0\u00bb, a-t-il d\u00e9nonc\u00e9 sur X.<\/p>\n<p class=\"article__paragraph  \">\u00ab\u00a0C\u2019est NON\u00a0! 51\u00a0000\u00a0monuments aux morts dans nos communes, ce n\u2019est pas assez\u00a0? Oui \u00e0 la d\u00e9fense nationale mais non aux discours va-t-en guerre insupportables\u00a0!\u00a0\u00bb, a, de son c\u00f4t\u00e9, tonn\u00e9 le patron du Parti communiste fran\u00e7ais, Fabien Roussel.<\/p>\n<p class=\"article__paragraph  \">Pour la ministre des arm\u00e9es, il est \u00ab\u00a0important que les maires soient sensibilis\u00e9s au contexte actuel\u00a0\u00bb. \u00ab\u00a0Notre responsabilit\u00e9 est claire\u00a0: \u00e9viter tout affrontement mais nous y pr\u00e9parer, et consolider l\u2019esprit de d\u00e9fense, cette force morale collective sans laquelle aucune nation ne pourrait tenir dans l\u2019\u00e9preuve\u00a0\u00bb, a-t-elle rappel\u00e9.<\/p>\n<p class=\"article__paragraph  \">Comme plusieurs responsables europ\u00e9ens, notamment allemands et danois, le g\u00e9n\u00e9ral Mandon avait estim\u00e9 en octobre devant les d\u00e9put\u00e9s que <a href=\"https:\/\/www.lemonde.fr\/international\/video\/2025\/10\/23\/l-armee-francaise-doit-etre-prete-a-un-choc-dans-trois-quatre-ans-face-a-la-russie-estime-le-chef-d-etat-major_6649028_3210.html\" rel=\"nofollow noopener\" target=\"_blank\">l\u2019arm\u00e9e fran\u00e7aise devait se tenir<\/a> \u00ab\u00a0pr\u00eate \u00e0 un choc dans trois, quatre ans\u00a0\u00bb face \u00e0 la Russie, qui \u00ab\u00a0peut \u00eatre tent\u00e9e de poursuivre la guerre sur notre continent\u00a0\u00bb.<\/p>\n<p>                                     Lire aussi |  Article r\u00e9serv\u00e9 \u00e0 nos abonn\u00e9s  <a href=\"https:\/\/www.lemonde.fr\/politique\/article\/2025\/01\/30\/autour-d-emmanuel-macron-une-sourde-lutte-d-influence-entre-militaires-et-diplomates_6523963_823448.html\" class=\"js-article-read-also catcher--favoris__link\" data-premium=\"1\" id=\"article-title-3407904\" rel=\"nofollow noopener\" target=\"_blank\">Autour d\u2019Emmanuel Macron, une sourde lutte d\u2019influence entre militaires et diplomates<\/a>    <\/p>\n<p>   Lire plus tard  <\/p>\n<p class=\"author__detail\">  Le Monde avec AFP  <\/p>\n<p>                <a href=\"https:\/\/www.lemonde.fr\/syndication\/\" class=\"reuse__content\" title=\"R\u00e9utiliser ce contenu\" target=\"_blank\" rel=\"nofollow noopener\">R\u00e9utiliser ce contenu<\/a>      <\/p>\n","protected":false},"excerpt":{"rendered":"\u00ab\u00a0Ses propos, sortis de leur contexte \u00e0 des fins politiciennes, rel\u00e8vent du langage militaire d\u2019un chef qui, chaque&hellip;\n","protected":false},"author":2,"featured_media":547292,"comment_status":"","ping_status":"","sticky":false,"template":"","format":"standard","meta":{"footnotes":""},"categories":[4],"tags":[11,1011,27,12,25],"class_list":{"0":"post-547291","1":"post","2":"type-post","3":"status-publish","4":"format-standard","5":"has-post-thumbnail","7":"category-france","8":"tag-actualites","9":"tag-fr","10":"tag-france","11":"tag-news","12":"tag-republique-francaise"},"share_on_mastodon":{"url":"https:\/\/pubeurope.com\/@fr\/115583201175188123","error":""},"_links":{"self":[{"href":"https:\/\/www.europesays.com\/fr\/wp-json\/wp\/v2\/posts\/547291","targetHints":{"allow":["GET"]}}],"collection":[{"href":"https:\/\/www.europesays.com\/fr\/wp-json\/wp\/v2\/posts"}],"about":[{"href":"https:\/\/www.europesays.com\/fr\/wp-json\/wp\/v2\/types\/post"}],"author":[{"embeddable":true,"href":"https:\/\/www.europesays.com\/fr\/wp-json\/wp\/v2\/users\/2"}],"replies":[{"embeddable":true,"href":"https:\/\/www.europesays.com\/fr\/wp-json\/wp\/v2\/comments?post=547291"}],"version-history":[{"count":0,"href":"https:\/\/www.europesays.com\/fr\/wp-json\/wp\/v2\/posts\/547291\/revisions"}],"wp:featuredmedia":[{"embeddable":true,"href":"https:\/\/www.europesays.com\/fr\/wp-json\/wp\/v2\/media\/547292"}],"wp:attachment":[{"href":"https:\/\/www.europesays.com\/fr\/wp-json\/wp\/v2\/media?parent=547291"}],"wp:term":[{"taxonomy":"category","embeddable":true,"href":"https:\/\/www.europesays.com\/fr\/wp-json\/wp\/v2\/categories?post=547291"},{"taxonomy":"post_tag","embeddable":true,"href":"https:\/\/www.europesays.com\/fr\/wp-json\/wp\/v2\/tags?post=547291"}],"curies":[{"name":"wp","href":"https:\/\/api.w.org\/{rel}","templated":true}]}}