{"id":547294,"date":"2025-11-20T17:28:23","date_gmt":"2025-11-20T17:28:23","guid":{"rendered":"https:\/\/www.europesays.com\/fr\/547294\/"},"modified":"2025-11-20T17:28:23","modified_gmt":"2025-11-20T17:28:23","slug":"firminy-clextral-ouvre-ses-portes-a-des-jeunes-demandeurs-demploi","status":"publish","type":"post","link":"https:\/\/www.europesays.com\/fr\/547294\/","title":{"rendered":"Firminy. Clextral ouvre ses portes \u00e0 des jeunes demandeurs d\u2019emploi"},"content":{"rendered":"<p>Chaque ann\u00e9e, en novembre se d\u00e9roule sur le plan national, la semaine de l\u2019industrie qui permet aux coll\u00e9giens, lyc\u00e9ens, apprentis ou demandeurs d\u2019emploi, de d\u00e9couvrir une autre image de l\u2019industrie et aux acteurs industriels, de promouvoir leurs m\u00e9tiers, leurs savoir-faire et, \u00e9ventuellement, de recruter. Des milliers d\u2019\u00e9v\u00e9nements sont ainsi organis\u00e9s dans tout le pays \u00e0 l\u2019occasion de ce rendez-vous incontournable de l\u2019orientation vers les m\u00e9tiers industriels. En Ondaine, la Mission locale participe \u00e0 cette&#8230;<\/p>\n","protected":false},"excerpt":{"rendered":"Chaque ann\u00e9e, en novembre se d\u00e9roule sur le plan national, la semaine de l\u2019industrie qui permet aux coll\u00e9giens,&hellip;\n","protected":false},"author":2,"featured_media":547295,"comment_status":"","ping_status":"","sticky":false,"template":"","format":"standard","meta":{"footnotes":""},"categories":[9653],"tags":[1111,11,2430,7539,341,1777,674,10282,10283,1011,27,12,25,4001,801],"class_list":{"0":"post-547294","1":"post","2":"type-post","3":"status-publish","4":"format-standard","5":"has-post-thumbnail","7":"category-saint-etienne","8":"tag-actu","9":"tag-actualites","10":"tag-auvergne-rhone-alpes","11":"tag-edition-loire-sud","12":"tag-emploi","13":"tag-eu","14":"tag-europe","15":"tag-firminy","16":"tag-firminy-ville","17":"tag-fr","18":"tag-france","19":"tag-news","20":"tag-republique-francaise","21":"tag-saint-etienne","22":"tag-social"},"share_on_mastodon":{"url":"https:\/\/pubeurope.com\/@fr\/115583209022963666","error":""},"_links":{"self":[{"href":"https:\/\/www.europesays.com\/fr\/wp-json\/wp\/v2\/posts\/547294","targetHints":{"allow":["GET"]}}],"collection":[{"href":"https:\/\/www.europesays.com\/fr\/wp-json\/wp\/v2\/posts"}],"about":[{"href":"https:\/\/www.europesays.com\/fr\/wp-json\/wp\/v2\/types\/post"}],"author":[{"embeddable":true,"href":"https:\/\/www.europesays.com\/fr\/wp-json\/wp\/v2\/users\/2"}],"replies":[{"embeddable":true,"href":"https:\/\/www.europesays.com\/fr\/wp-json\/wp\/v2\/comments?post=547294"}],"version-history":[{"count":0,"href":"https:\/\/www.europesays.com\/fr\/wp-json\/wp\/v2\/posts\/547294\/revisions"}],"wp:featuredmedia":[{"embeddable":true,"href":"https:\/\/www.europesays.com\/fr\/wp-json\/wp\/v2\/media\/547295"}],"wp:attachment":[{"href":"https:\/\/www.europesays.com\/fr\/wp-json\/wp\/v2\/media?parent=547294"}],"wp:term":[{"taxonomy":"category","embeddable":true,"href":"https:\/\/www.europesays.com\/fr\/wp-json\/wp\/v2\/categories?post=547294"},{"taxonomy":"post_tag","embeddable":true,"href":"https:\/\/www.europesays.com\/fr\/wp-json\/wp\/v2\/tags?post=547294"}],"curies":[{"name":"wp","href":"https:\/\/api.w.org\/{rel}","templated":true}]}}